{"id":11262,"date":"2010-02-07T12:19:19","date_gmt":"2010-02-07T11:19:19","guid":{"rendered":"http:\/\/www.hier-luebeck.de\/?p=11262"},"modified":"2010-02-07T19:54:40","modified_gmt":"2010-02-07T18:54:40","slug":"beim-b-b-b-boser-buben-ball-wurde-bis-tief-in-die-nacht-gefeiert","status":"publish","type":"post","link":"https:\/\/hier-luebeck.de\/index.php\/beim-b-b-b-boser-buben-ball-wurde-bis-tief-in-die-nacht-gefeiert\/","title":{"rendered":"Beim B.B.B. (B\u00f6ser Buben Ball) in der Ph\u00f6nixhalle wurde bis tief in die Nacht gefeiert und abgehottet"},"content":{"rendered":"<p><a href=\"http:\/\/www.hier-luebeck.de\/wp-content\/uploads\/2010\/02\/tbf070210_B.B.B._Boese-buben-Ball-Freywald_0001.JPG\"><img loading=\"lazy\" decoding=\"async\" class=\"size-medium wp-image-11268 alignleft\" title=\"tbf070210_B.B.B._Boese-buben-Ball-Freywald_0001\" src=\"http:\/\/www.hier-luebeck.de\/wp-content\/uploads\/2010\/02\/tbf070210_B.B.B._Boese-buben-Ball-Freywald_0001-320x240.jpg\" alt=\"tbf070210_B.B.B._Boese-buben-Ball-Freywald_0001\" width=\"320\" height=\"240\" srcset=\"https:\/\/hier-luebeck.de\/wp-content\/uploads\/2010\/02\/tbf070210_B.B.B._Boese-buben-Ball-Freywald_0001-320x240.jpg 320w, https:\/\/hier-luebeck.de\/wp-content\/uploads\/2010\/02\/tbf070210_B.B.B._Boese-buben-Ball-Freywald_0001-426x319.jpg 426w, https:\/\/hier-luebeck.de\/wp-content\/uploads\/2010\/02\/tbf070210_B.B.B._Boese-buben-Ball-Freywald_0001.JPG 500w\" sizes=\"auto, (max-width: 320px) 100vw, 320px\" \/><\/a>Text und Fotos: TBF\/Wolfgang Freywald &#8211; Bilderbogen: Klaus Kretschmann<\/p>\n<p>Auch in diesem Jahr war beim B\u00f6sen Buben Ball wieder richtig was los, da ging die Post ab! Gesch\u00e4tzte 450 Narren, Faschingsfreunde und sonstige Partyl\u00f6wen feierten, was das Zeug hielt. Sie trafen sich in der Phoenixhalle, Falkenstrasse zu dieser Kultfete. Die  Spitzentanz- und Showband \u201cHale Bopp Musik\u201d heitzte den g\u00e4saten mit ihrer  S\u00e4ngerin ordentlich ein.<\/p>\n<p><a href=\"http:\/\/www.tbf-presseagentur.de\/cgi-bin\/thumbpage\/thumbpage.cgi?luebeck\/today\/02Februar10\/bilder\/BBB\" target=\"_blank\"><strong><span style=\"color: red;\">&#8222;Zum  Bilderbogen&#8220;<\/span><\/strong><\/a><\/p>\n<p><!--more-->Als weiteres Highlight des Abends war Werner B\u00f6hm alias \u201cGottlieb  Wendehals\u201d mit seiner Polon\u00e4se Blankenese da und brachte die Halle zum Beben.<\/p>\n<p>DJ of the Night steht DJ 77 stand am Pult. Go-Go-Girls und andere  Show-Einlagen, wie Tanzauff\u00fchrungen der Karnevalsgesellschaft Silberm\u00f6ve  begleiteten werden die G\u00e4ste durch den Abend.<\/p>\n<p>Als weiterer Special-Auftritt fand an diesem Abend \u201cDie  Wendler-Show\u201d statt, es war eine musikalische Reise a la Michael  Wendler.<\/p>\n<p>Eine Pr\u00e4mierung der besten Kost\u00fcme der G\u00e4ste gab ihnen besonderen  Ansporn, m\u00f6glichst originell verkleidet zur Fete zu erscheinen  aber eine Pappnase tat es auch.<\/p>\n<p><a href=\"http:\/\/www.hier-luebeck.de\/wp-content\/uploads\/2010\/02\/tbf070210_B.B.B._Boese-buben-Ball-Freywald_0013.JPG\"><img loading=\"lazy\" decoding=\"async\" class=\"aligncenter size-full wp-image-11271\" title=\"tbf070210_B.B.B._Boese-buben-Ball-Freywald_0013\" src=\"http:\/\/www.hier-luebeck.de\/wp-content\/uploads\/2010\/02\/tbf070210_B.B.B._Boese-buben-Ball-Freywald_0013.JPG\" alt=\"tbf070210_B.B.B._Boese-buben-Ball-Freywald_0013\" width=\"500\" height=\"375\" srcset=\"https:\/\/hier-luebeck.de\/wp-content\/uploads\/2010\/02\/tbf070210_B.B.B._Boese-buben-Ball-Freywald_0013.JPG 500w, https:\/\/hier-luebeck.de\/wp-content\/uploads\/2010\/02\/tbf070210_B.B.B._Boese-buben-Ball-Freywald_0013-320x240.jpg 320w, https:\/\/hier-luebeck.de\/wp-content\/uploads\/2010\/02\/tbf070210_B.B.B._Boese-buben-Ball-Freywald_0013-426x319.jpg 426w\" sizes=\"auto, (max-width: 500px) 100vw, 500px\" \/><\/a><\/p>\n<p><a href=\"http:\/\/www.hier-luebeck.de\/wp-content\/uploads\/2010\/02\/tbf070210_B.B.B._Boese-buben-Ball-Freywald_0009a.JPG\"><img loading=\"lazy\" decoding=\"async\" class=\"aligncenter size-full wp-image-11270\" title=\"tbf070210_B.B.B._Boese-buben-Ball-Freywald_0009a\" src=\"http:\/\/www.hier-luebeck.de\/wp-content\/uploads\/2010\/02\/tbf070210_B.B.B._Boese-buben-Ball-Freywald_0009a.JPG\" alt=\"tbf070210_B.B.B._Boese-buben-Ball-Freywald_0009a\" width=\"500\" height=\"375\" srcset=\"https:\/\/hier-luebeck.de\/wp-content\/uploads\/2010\/02\/tbf070210_B.B.B._Boese-buben-Ball-Freywald_0009a.JPG 500w, https:\/\/hier-luebeck.de\/wp-content\/uploads\/2010\/02\/tbf070210_B.B.B._Boese-buben-Ball-Freywald_0009a-320x240.jpg 320w, https:\/\/hier-luebeck.de\/wp-content\/uploads\/2010\/02\/tbf070210_B.B.B._Boese-buben-Ball-Freywald_0009a-426x319.jpg 426w\" sizes=\"auto, (max-width: 500px) 100vw, 500px\" \/><\/a><\/p>\n<p><a href=\"http:\/\/www.hier-luebeck.de\/wp-content\/uploads\/2010\/02\/tbf070210_B.B.B._Boese-buben-Ball-Freywald_0008.JPG\"><img loading=\"lazy\" decoding=\"async\" class=\"aligncenter size-full wp-image-11269\" title=\"tbf070210_B.B.B._Boese-buben-Ball-Freywald_0008\" src=\"http:\/\/www.hier-luebeck.de\/wp-content\/uploads\/2010\/02\/tbf070210_B.B.B._Boese-buben-Ball-Freywald_0008.JPG\" alt=\"tbf070210_B.B.B._Boese-buben-Ball-Freywald_0008\" width=\"500\" height=\"375\" srcset=\"https:\/\/hier-luebeck.de\/wp-content\/uploads\/2010\/02\/tbf070210_B.B.B._Boese-buben-Ball-Freywald_0008.JPG 500w, https:\/\/hier-luebeck.de\/wp-content\/uploads\/2010\/02\/tbf070210_B.B.B._Boese-buben-Ball-Freywald_0008-320x240.jpg 320w, https:\/\/hier-luebeck.de\/wp-content\/uploads\/2010\/02\/tbf070210_B.B.B._Boese-buben-Ball-Freywald_0008-426x319.jpg 426w\" sizes=\"auto, (max-width: 500px) 100vw, 500px\" \/><\/a><\/p>\n<p><a href=\"http:\/\/www.hier-luebeck.de\/wp-content\/uploads\/2010\/02\/tbf070210_B.B.B._Boese-buben-Ball-Freywald_0001.JPG\"><img loading=\"lazy\" decoding=\"async\" class=\"aligncenter size-full wp-image-11268\" title=\"tbf070210_B.B.B._Boese-buben-Ball-Freywald_0001\" src=\"http:\/\/www.hier-luebeck.de\/wp-content\/uploads\/2010\/02\/tbf070210_B.B.B._Boese-buben-Ball-Freywald_0001.JPG\" alt=\"tbf070210_B.B.B._Boese-buben-Ball-Freywald_0001\" width=\"500\" height=\"375\" srcset=\"https:\/\/hier-luebeck.de\/wp-content\/uploads\/2010\/02\/tbf070210_B.B.B._Boese-buben-Ball-Freywald_0001.JPG 500w, https:\/\/hier-luebeck.de\/wp-content\/uploads\/2010\/02\/tbf070210_B.B.B._Boese-buben-Ball-Freywald_0001-320x240.jpg 320w, https:\/\/hier-luebeck.de\/wp-content\/uploads\/2010\/02\/tbf070210_B.B.B._Boese-buben-Ball-Freywald_0001-426x319.jpg 426w\" sizes=\"auto, (max-width: 500px) 100vw, 500px\" \/><\/a><\/p>\n<p><a href=\"http:\/\/www.hier-luebeck.de\/wp-content\/uploads\/2010\/02\/tbf070210_B.B.B._Boese-buben-Ball-Freywald_00231.JPG\"><img loading=\"lazy\" decoding=\"async\" class=\"aligncenter size-full wp-image-11273\" title=\"tbf070210_B.B.B._Boese-buben-Ball-Freywald_00231\" src=\"http:\/\/www.hier-luebeck.de\/wp-content\/uploads\/2010\/02\/tbf070210_B.B.B._Boese-buben-Ball-Freywald_00231.JPG\" alt=\"tbf070210_B.B.B._Boese-buben-Ball-Freywald_00231\" width=\"500\" height=\"375\" srcset=\"https:\/\/hier-luebeck.de\/wp-content\/uploads\/2010\/02\/tbf070210_B.B.B._Boese-buben-Ball-Freywald_00231.JPG 500w, https:\/\/hier-luebeck.de\/wp-content\/uploads\/2010\/02\/tbf070210_B.B.B._Boese-buben-Ball-Freywald_00231-320x240.jpg 320w, https:\/\/hier-luebeck.de\/wp-content\/uploads\/2010\/02\/tbf070210_B.B.B._Boese-buben-Ball-Freywald_00231-426x319.jpg 426w\" sizes=\"auto, (max-width: 500px) 100vw, 500px\" \/><\/a><\/p>\n<p style=\"text-align: center;\"><a href=\"http:\/\/www.hier-luebeck.de\/wp-content\/uploads\/2010\/02\/tbf070210_B.B.B._Boese-buben-Ball-Freywald_0001.JPG\"><br \/>\n<\/a><a href=\"http:\/\/www.hier-luebeck.de\/wp-content\/uploads\/2010\/02\/tbf070210_B.B.B._Boese-buben-Ball-Freywald_0008.JPG\"><br \/>\n<\/a><\/p>\n","protected":false},"excerpt":{"rendered":"<p>Text und Fotos: TBF\/Wolfgang Freywald &#8211; Bilderbogen: Klaus Kretschmann Auch in diesem Jahr war beim B\u00f6sen Buben Ball wieder richtig<\/p>\n","protected":false},"author":3,"featured_media":0,"comment_status":"open","ping_status":"open","sticky":false,"template":"","format":"standard","meta":{"colormag_page_container_layout":"default_layout","colormag_page_sidebar_layout":"default_layout","footnotes":""},"categories":[13],"tags":[],"class_list":["post-11262","post","type-post","status-publish","format-standard","hentry","category-veranstaltungen"],"_links":{"self":[{"href":"https:\/\/hier-luebeck.de\/index.php\/wp-json\/wp\/v2\/posts\/11262","targetHints":{"allow":["GET"]}}],"collection":[{"href":"https:\/\/hier-luebeck.de\/index.php\/wp-json\/wp\/v2\/posts"}],"about":[{"href":"https:\/\/hier-luebeck.de\/index.php\/wp-json\/wp\/v2\/types\/post"}],"author":[{"embeddable":true,"href":"https:\/\/hier-luebeck.de\/index.php\/wp-json\/wp\/v2\/users\/3"}],"replies":[{"embeddable":true,"href":"https:\/\/hier-luebeck.de\/index.php\/wp-json\/wp\/v2\/comments?post=11262"}],"version-history":[{"count":0,"href":"https:\/\/hier-luebeck.de\/index.php\/wp-json\/wp\/v2\/posts\/11262\/revisions"}],"wp:attachment":[{"href":"https:\/\/hier-luebeck.de\/index.php\/wp-json\/wp\/v2\/media?parent=11262"}],"wp:term":[{"taxonomy":"category","embeddable":true,"href":"https:\/\/hier-luebeck.de\/index.php\/wp-json\/wp\/v2\/categories?post=11262"},{"taxonomy":"post_tag","embeddable":true,"href":"https:\/\/hier-luebeck.de\/index.php\/wp-json\/wp\/v2\/tags?post=11262"}],"curies":[{"name":"wp","href":"https:\/\/api.w.org\/{rel}","templated":true}]}}