{"id":11289,"date":"2010-02-08T11:57:40","date_gmt":"2010-02-08T10:57:40","guid":{"rendered":"http:\/\/www.hier-luebeck.de\/?p=11289"},"modified":"2010-02-08T11:57:40","modified_gmt":"2010-02-08T10:57:40","slug":"pol-hl-hl-innenstadt-konigstrase-feuer-in-mehrfamilienhaus-musste-mit-warmebildkamera-gesucht-werden","status":"publish","type":"post","link":"https:\/\/hier-luebeck.de\/index.php\/pol-hl-hl-innenstadt-konigstrase-feuer-in-mehrfamilienhaus-musste-mit-warmebildkamera-gesucht-werden\/","title":{"rendered":"POL-HL: HL &#8211; Innenstadt, K\u00f6nigstra\u00dfe \/ Feuer in Mehrfamilienhaus musste mit W\u00e4rmebildkamera gesucht werden"},"content":{"rendered":"<p><img loading=\"lazy\" decoding=\"async\" class=\"alignleft size-full wp-image-10260\" title=\"FW_Einsatz\" src=\"http:\/\/www.hier-luebeck.de\/wp-content\/uploads\/2010\/01\/FW_Einsatz.JPG\" alt=\"FW_Einsatz\" width=\"300\" height=\"217\" \/>L\u00fcbeck (ots) &#8211; Am Samstag kam es in der Innenstadt zu einem Brand in der Zwischendecke eines Mehrfamilienhauses. Die Feuerwehr hatte Schwierigkeiten, den Brandort auszumachen und musste eine W\u00e4rmebildkamera einsetzen.<!--more--> Verletzt wurde niemand. Bewohner des Hauses hatten \u00fcber Notruf Feuerwehr und Polizei alarmiert, da im Dachboden des Geb\u00e4udes mehrere Feuermelder ausgel\u00f6st hatten. Die eintreffenden Einsatzkr\u00e4fte konnten im Dachbodenbereich Rauchschwaden feststellen, jedoch kein offenes Feuer entdecken. Auch im Haus blieb die Absuche nach der Brandstelle zun\u00e4chst erfolglos.<br \/>\nMit Hilfe einer W\u00e4rmebildkamera konnte das Feuer dann in einem Holhraum zwischen einer Wohnung und dem Dachboden ausgemacht werden. Die Feuerwehr stemmte eine Wand und die Decke auf und konnte nun offene Flammen entdecken und l\u00f6schen.<\/p>\n<p>Ursache d\u00fcrfte ein technischer Defekt gewesen sein.<\/p>\n<p>Es entstand ein Sachschaden, der bisher nicht beziffert werden kann. Personen wurden nicht verletzt.<\/p>\n","protected":false},"excerpt":{"rendered":"<p>L\u00fcbeck (ots) &#8211; Am Samstag kam es in der Innenstadt zu einem Brand in der Zwischendecke eines Mehrfamilienhauses. Die Feuerwehr<\/p>\n","protected":false},"author":3,"featured_media":0,"comment_status":"open","ping_status":"open","sticky":false,"template":"","format":"standard","meta":{"colormag_page_container_layout":"default_layout","colormag_page_sidebar_layout":"default_layout","footnotes":""},"categories":[20],"tags":[],"class_list":["post-11289","post","type-post","status-publish","format-standard","hentry","category-besondere-neuigkeiten"],"_links":{"self":[{"href":"https:\/\/hier-luebeck.de\/index.php\/wp-json\/wp\/v2\/posts\/11289","targetHints":{"allow":["GET"]}}],"collection":[{"href":"https:\/\/hier-luebeck.de\/index.php\/wp-json\/wp\/v2\/posts"}],"about":[{"href":"https:\/\/hier-luebeck.de\/index.php\/wp-json\/wp\/v2\/types\/post"}],"author":[{"embeddable":true,"href":"https:\/\/hier-luebeck.de\/index.php\/wp-json\/wp\/v2\/users\/3"}],"replies":[{"embeddable":true,"href":"https:\/\/hier-luebeck.de\/index.php\/wp-json\/wp\/v2\/comments?post=11289"}],"version-history":[{"count":0,"href":"https:\/\/hier-luebeck.de\/index.php\/wp-json\/wp\/v2\/posts\/11289\/revisions"}],"wp:attachment":[{"href":"https:\/\/hier-luebeck.de\/index.php\/wp-json\/wp\/v2\/media?parent=11289"}],"wp:term":[{"taxonomy":"category","embeddable":true,"href":"https:\/\/hier-luebeck.de\/index.php\/wp-json\/wp\/v2\/categories?post=11289"},{"taxonomy":"post_tag","embeddable":true,"href":"https:\/\/hier-luebeck.de\/index.php\/wp-json\/wp\/v2\/tags?post=11289"}],"curies":[{"name":"wp","href":"https:\/\/api.w.org\/{rel}","templated":true}]}}