{"id":15512,"date":"2010-05-19T06:39:08","date_gmt":"2010-05-19T04:39:08","guid":{"rendered":"http:\/\/www.hier-luebeck.de\/2010\/05\/die-position-der-kanzlerin-ist-auch-fur-schleswig-holstein-von-bedeutung\/"},"modified":"2010-05-19T06:39:08","modified_gmt":"2010-05-19T04:39:08","slug":"die-position-der-kanzlerin-ist-auch-fur-schleswig-holstein-von-bedeutung","status":"publish","type":"post","link":"https:\/\/hier-luebeck.de\/index.php\/die-position-der-kanzlerin-ist-auch-fur-schleswig-holstein-von-bedeutung\/","title":{"rendered":"Die Position der Kanzlerin ist auch f\u00fcr Schleswig-Holstein von Bedeutung"},"content":{"rendered":"<p>\u201eDie Aussage der Bundeskanzlerin, Ausgaben f\u00fcr Bildung und  Kinderbetreuung st\u00fcnden nicht zur Disposition, sind auch f\u00fcr die aktuelle  Diskussion in Schleswig-Holstein von Bedeutung\u201c, so der CDA-Landesvorsitzende  und Landtagsabgeordnete Werner Kalinka. Sie habe damit ein klares bildungs- und  sozialpolitisches Signal gesetzt.<\/p>\n<p>Kalinka: \u201eMit gutem Grund hat die Bundesregierung \u2013 auch durch  Bildungsministerin Annette Schavan \u2013 sehr deutlich gemacht, dass Sparen am  falschen Platz langfristig nachteilig sein kann. Die Probleme m\u00fcssen mit dem  Blickwinkel der Nachhaltigkeit, also auch und vor allem der richtigen  Priorit\u00e4tensetzung, in Angriff genommen  werden.\u201c<\/p>\n","protected":false},"excerpt":{"rendered":"<p>\u201eDie Aussage der Bundeskanzlerin, Ausgaben f\u00fcr Bildung und Kinderbetreuung st\u00fcnden nicht zur Disposition, sind auch f\u00fcr die aktuelle Diskussion in<\/p>\n","protected":false},"author":3,"featured_media":0,"comment_status":"open","ping_status":"open","sticky":false,"template":"","format":"standard","meta":{"colormag_page_container_layout":"default_layout","colormag_page_sidebar_layout":"default_layout","footnotes":""},"categories":[5],"tags":[],"class_list":["post-15512","post","type-post","status-publish","format-standard","hentry","category-politik-wirtschaft"],"_links":{"self":[{"href":"https:\/\/hier-luebeck.de\/index.php\/wp-json\/wp\/v2\/posts\/15512","targetHints":{"allow":["GET"]}}],"collection":[{"href":"https:\/\/hier-luebeck.de\/index.php\/wp-json\/wp\/v2\/posts"}],"about":[{"href":"https:\/\/hier-luebeck.de\/index.php\/wp-json\/wp\/v2\/types\/post"}],"author":[{"embeddable":true,"href":"https:\/\/hier-luebeck.de\/index.php\/wp-json\/wp\/v2\/users\/3"}],"replies":[{"embeddable":true,"href":"https:\/\/hier-luebeck.de\/index.php\/wp-json\/wp\/v2\/comments?post=15512"}],"version-history":[{"count":0,"href":"https:\/\/hier-luebeck.de\/index.php\/wp-json\/wp\/v2\/posts\/15512\/revisions"}],"wp:attachment":[{"href":"https:\/\/hier-luebeck.de\/index.php\/wp-json\/wp\/v2\/media?parent=15512"}],"wp:term":[{"taxonomy":"category","embeddable":true,"href":"https:\/\/hier-luebeck.de\/index.php\/wp-json\/wp\/v2\/categories?post=15512"},{"taxonomy":"post_tag","embeddable":true,"href":"https:\/\/hier-luebeck.de\/index.php\/wp-json\/wp\/v2\/tags?post=15512"}],"curies":[{"name":"wp","href":"https:\/\/api.w.org\/{rel}","templated":true}]}}