{"id":15518,"date":"2010-05-18T21:46:02","date_gmt":"2010-05-18T19:46:02","guid":{"rendered":"http:\/\/www.hier-luebeck.de\/2010\/05\/riesenerfolg-fur-die-knabenkantorei-chor-beim-bundeschorwettbewerb-ausgezeichnet\/"},"modified":"2010-05-18T18:50:11","modified_gmt":"2010-05-18T16:50:11","slug":"riesenerfolg-fur-die-knabenkantorei-chor-beim-bundeschorwettbewerb-ausgezeichnet","status":"publish","type":"post","link":"https:\/\/hier-luebeck.de\/index.php\/riesenerfolg-fur-die-knabenkantorei-chor-beim-bundeschorwettbewerb-ausgezeichnet\/","title":{"rendered":"Riesenerfolg f\u00fcr die Knabenkantorei: Chor beim Bundeschorwettbewerb ausgezeichnet"},"content":{"rendered":"<p><strong> <\/strong><\/p>\n<p><strong><a href=\"http:\/\/www.hier-luebeck.de\/wp-content\/uploads\/2010\/05\/lkkchorwettbewerb1.jpg\"><img loading=\"lazy\" decoding=\"async\" class=\"alignleft size-full wp-image-15520\" title=\"lkkchorwettbewerb1\" src=\"http:\/\/www.hier-luebeck.de\/wp-content\/uploads\/2010\/05\/lkkchorwettbewerb1.jpg\" alt=\"\" width=\"500\" height=\"334\" srcset=\"https:\/\/hier-luebeck.de\/wp-content\/uploads\/2010\/05\/lkkchorwettbewerb1.jpg 500w, https:\/\/hier-luebeck.de\/wp-content\/uploads\/2010\/05\/lkkchorwettbewerb1-320x213.jpg 320w, https:\/\/hier-luebeck.de\/wp-content\/uploads\/2010\/05\/lkkchorwettbewerb1-426x284.jpg 426w\" sizes=\"auto, (max-width: 500px) 100vw, 500px\" \/><\/a>Was f\u00fcr ein Erfolg! Als Sieger in der Kategorie Knabench\u00f6re und ausgezeichnet mit einem 2. Preis der Jury ging die L\u00fcbecker Knabenkantorei aus dem 8. Bundeschorwettbewerb des Deutschen Musikrats in Dortmund hervor. Und das gleich bei der ersten Teilnahme an einem solchen Leistungsvergleich \u00fcberhaupt.<!--more-->\u00dcberzeugen konnte das Ensemble unter der Leitung von Marienkantor Michael D. M\u00fcller die Fachjuroren mit seinen Interpretationen ganz unterschiedlicher Werke der europ\u00e4ischen Chorliteratur. Die Wettbewerbsst\u00fccke der Kantorei waren dabei die Motette \u201eDextera Domini\u201c von Rheinberger, das \u201eJubilate Deo\u201c von Orlando di Lasso, \u201eEli, Eli\u201c von Bardos, ein Volkslied-Satz von \u201eWie lieblich ist der Maien\u201c sowie \u201eJesus und der Oberz\u00f6llner Zach\u00e4us\u201c von Siegfried Strohbach.<\/strong><\/p>\n<p><strong> <\/strong><\/p>\n<p><strong>Beim Wertungssingen in der Dortmunder Immanuel-Kirche am Freitag,<br \/>\n14. Mai, konnte die L\u00fcbecker Knabenkantorei mit einer Gesamtpunktzahl von 21,4 den ebenfalls zum Bundeswettbewerb zugelassenen Knabenchor der Jenaer Philharmonie unter der Leitung von Berit Walther (17,2 Punkte) und den Knabenchor Unser Lieben Frauen Bremen unter der Leitung von Ansgar M\u00fcller-Nanninga (18,8 Punkte) hinter sich lassen.<\/strong><\/p>\n<p><strong>Mit 132 Ch\u00f6ren und rund 5000 S\u00e4ngerinnen und S\u00e4ngern aus s\u00e4mtlichen Bundesl\u00e4ndern hatte sich am Himmelfahrtswochenende die gesamte Erste Liga der Vokalkunst zum Chor-Derby im Revier versammelt. Mitten im Kulturhauptstadtjahr RUHR.2010 wurde Dortmund so zur Chorhauptstadt Deutschlands. Alle Formationen aus den insgesamt 15 ausgeschriebenen Kategorien \u2013 Gemischte Ch\u00f6re, Frauen- und M\u00e4nnerch\u00f6re, Jugend- und Kinderch\u00f6re verschiedener Gattungen und Altersklassen sowie Jazz-, Pop-, Gospel-, Barbershop-Ch\u00f6re und Vokalensembles \u2013 mussten sich zuvor auf Landesebene f\u00fcr den Start in Dortmund qualifizieren.<\/strong><\/p>\n<p><strong><a href=\"http:\/\/www.hier-luebeck.de\/wp-content\/uploads\/2010\/05\/lkkchorwettbewerb2.jpg\"><img loading=\"lazy\" decoding=\"async\" class=\"alignleft size-full wp-image-15521\" title=\"lkkchorwettbewerb2\" src=\"http:\/\/www.hier-luebeck.de\/wp-content\/uploads\/2010\/05\/lkkchorwettbewerb2.jpg\" alt=\"\" width=\"500\" height=\"334\" srcset=\"https:\/\/hier-luebeck.de\/wp-content\/uploads\/2010\/05\/lkkchorwettbewerb2.jpg 500w, https:\/\/hier-luebeck.de\/wp-content\/uploads\/2010\/05\/lkkchorwettbewerb2-320x213.jpg 320w, https:\/\/hier-luebeck.de\/wp-content\/uploads\/2010\/05\/lkkchorwettbewerb2-426x284.jpg 426w\" sizes=\"auto, (max-width: 500px) 100vw, 500px\" \/><\/a>Der Deutsche Chorwettbewerb findet alle vier Jahre statt. Hauptaugenmerk des Wettbewerbes ist zun\u00e4chst, aus etwa 60000 Ch\u00f6ren mit rund<br \/>\n1,8 Millionen aktiven Mitgliedern die besten Ch\u00f6re Deutschlands zu pr\u00e4mieren und einer breiteren \u00d6ffentlichkeit zu pr\u00e4sentieren, aber auch ein Forum der musikalischen Begegnung vielf\u00e4ltigster Art und des gegenseitigen Kennenlernens zu bieten.<\/strong><\/p>\n<p><strong>Zu den Preistr\u00e4gern der vergangenen Wettbewerbe geh\u00f6ren so renommierte Ensembles wie der Kammerchor Stuttgart (Ltg. Frieder Bernius), der Knabenchor Hannover (Ltg. Heinz Hennig), der Jazzchor Freiburg (Ltg. Bertrand Gr\u00f6ger) oder der Kammerchor Saarbr\u00fccken (Ltg. Georg Gr\u00fcn).<\/strong><\/p>\n","protected":false},"excerpt":{"rendered":"<p>Was f\u00fcr ein Erfolg! Als Sieger in der Kategorie Knabench\u00f6re und ausgezeichnet mit einem 2. Preis der Jury ging die<\/p>\n","protected":false},"author":3,"featured_media":0,"comment_status":"open","ping_status":"open","sticky":false,"template":"","format":"standard","meta":{"colormag_page_container_layout":"default_layout","colormag_page_sidebar_layout":"default_layout","footnotes":""},"categories":[20],"tags":[],"class_list":["post-15518","post","type-post","status-publish","format-standard","hentry","category-besondere-neuigkeiten"],"_links":{"self":[{"href":"https:\/\/hier-luebeck.de\/index.php\/wp-json\/wp\/v2\/posts\/15518","targetHints":{"allow":["GET"]}}],"collection":[{"href":"https:\/\/hier-luebeck.de\/index.php\/wp-json\/wp\/v2\/posts"}],"about":[{"href":"https:\/\/hier-luebeck.de\/index.php\/wp-json\/wp\/v2\/types\/post"}],"author":[{"embeddable":true,"href":"https:\/\/hier-luebeck.de\/index.php\/wp-json\/wp\/v2\/users\/3"}],"replies":[{"embeddable":true,"href":"https:\/\/hier-luebeck.de\/index.php\/wp-json\/wp\/v2\/comments?post=15518"}],"version-history":[{"count":0,"href":"https:\/\/hier-luebeck.de\/index.php\/wp-json\/wp\/v2\/posts\/15518\/revisions"}],"wp:attachment":[{"href":"https:\/\/hier-luebeck.de\/index.php\/wp-json\/wp\/v2\/media?parent=15518"}],"wp:term":[{"taxonomy":"category","embeddable":true,"href":"https:\/\/hier-luebeck.de\/index.php\/wp-json\/wp\/v2\/categories?post=15518"},{"taxonomy":"post_tag","embeddable":true,"href":"https:\/\/hier-luebeck.de\/index.php\/wp-json\/wp\/v2\/tags?post=15518"}],"curies":[{"name":"wp","href":"https:\/\/api.w.org\/{rel}","templated":true}]}}