{"id":15789,"date":"2010-05-25T19:26:45","date_gmt":"2010-05-25T17:26:45","guid":{"rendered":"http:\/\/www.hier-luebeck.de\/2010\/05\/nicht-auf-dem-rucken-der-arbeitslosen\/"},"modified":"2010-05-25T19:26:45","modified_gmt":"2010-05-25T17:26:45","slug":"nicht-auf-dem-rucken-der-arbeitslosen","status":"publish","type":"post","link":"https:\/\/hier-luebeck.de\/index.php\/nicht-auf-dem-rucken-der-arbeitslosen\/","title":{"rendered":"Nicht auf dem R\u00fccken der Arbeitslosen!"},"content":{"rendered":"<p>Zu Meldungen, wonach die unionsgef\u00fchrten Bundesl\u00e4nder \u00c4nderungen an der geplanten Jobcenter-Reform verlangen, erkl\u00e4rt die sozialpolitische Sprecherin der Fraktion B\u00fcndnis 90\/Die Gr\u00fcnen, Marret Bohn: Jetzt reicht es aber. Nach schwierigen Gespr\u00e4chen ist ein Kompromiss f\u00fcr die Zukunft der Jobcenter gefunden worden. Wenn die unionsgef\u00fchrten L\u00e4nder diesen Kompromiss torpedieren, m\u00fcssen sich fragen lassen, ob sie klug beraten sind. Wollen sie die Gespr\u00e4che mit der SPD noch einmal von vorn beginnen?<!--more-->Wir Gr\u00fcne wollen nicht, dass CDU und SPD auf Bundesebene ihre Konflikte auf dem R\u00fccken der Arbeitslosen in Schleswig-Holstein austragen. Die Arbeitslosen m\u00fcssen sich darauf verlassen k\u00f6nnen, dass zum 1. Januar 2011 Beratung und Vermittlung funktionieren.<br \/>\nAuch die Mitarbeiterinnen und Mitarbeiter der Jobcenter und Optionskommunen brauchen eine klare Perspektive. Viele von ihnen haben befristete Vertr\u00e4ge. Sie m\u00fcssen so schnell wie m\u00f6glich erfahren, wie es f\u00fcr sie weitergeht, sonst suchen sie sich andere Arbeitspl\u00e4tze.<\/p>\n","protected":false},"excerpt":{"rendered":"<p>Zu Meldungen, wonach die unionsgef\u00fchrten Bundesl\u00e4nder \u00c4nderungen an der geplanten Jobcenter-Reform verlangen, erkl\u00e4rt die sozialpolitische Sprecherin der Fraktion B\u00fcndnis 90\/Die<\/p>\n","protected":false},"author":3,"featured_media":0,"comment_status":"open","ping_status":"open","sticky":false,"template":"","format":"standard","meta":{"colormag_page_container_layout":"default_layout","colormag_page_sidebar_layout":"default_layout","footnotes":""},"categories":[5],"tags":[],"class_list":["post-15789","post","type-post","status-publish","format-standard","hentry","category-politik-wirtschaft"],"_links":{"self":[{"href":"https:\/\/hier-luebeck.de\/index.php\/wp-json\/wp\/v2\/posts\/15789","targetHints":{"allow":["GET"]}}],"collection":[{"href":"https:\/\/hier-luebeck.de\/index.php\/wp-json\/wp\/v2\/posts"}],"about":[{"href":"https:\/\/hier-luebeck.de\/index.php\/wp-json\/wp\/v2\/types\/post"}],"author":[{"embeddable":true,"href":"https:\/\/hier-luebeck.de\/index.php\/wp-json\/wp\/v2\/users\/3"}],"replies":[{"embeddable":true,"href":"https:\/\/hier-luebeck.de\/index.php\/wp-json\/wp\/v2\/comments?post=15789"}],"version-history":[{"count":0,"href":"https:\/\/hier-luebeck.de\/index.php\/wp-json\/wp\/v2\/posts\/15789\/revisions"}],"wp:attachment":[{"href":"https:\/\/hier-luebeck.de\/index.php\/wp-json\/wp\/v2\/media?parent=15789"}],"wp:term":[{"taxonomy":"category","embeddable":true,"href":"https:\/\/hier-luebeck.de\/index.php\/wp-json\/wp\/v2\/categories?post=15789"},{"taxonomy":"post_tag","embeddable":true,"href":"https:\/\/hier-luebeck.de\/index.php\/wp-json\/wp\/v2\/tags?post=15789"}],"curies":[{"name":"wp","href":"https:\/\/api.w.org\/{rel}","templated":true}]}}