{"id":15793,"date":"2010-05-25T19:29:20","date_gmt":"2010-05-25T17:29:20","guid":{"rendered":"http:\/\/www.hier-luebeck.de\/2010\/05\/giftgas-vor-helgoland-bundesregierung-fur-verbot-von-aktivitaten\/"},"modified":"2010-05-25T19:29:35","modified_gmt":"2010-05-25T17:29:35","slug":"giftgas-vor-helgoland-bundesregierung-fur-verbot-von-aktivitaten","status":"publish","type":"post","link":"https:\/\/hier-luebeck.de\/index.php\/giftgas-vor-helgoland-bundesregierung-fur-verbot-von-aktivitaten\/","title":{"rendered":"Giftgas vor Helgoland: Bundesregierung f\u00fcr Verbot von Aktivit\u00e4ten"},"content":{"rendered":"<p>Die Bundesregierung steht einem Verbot meeresbodenbezogener Aktivit\u00e4ten im Munitionsversenkungsgebiet s\u00fcdlich von Helgoland positiv gegen\u00fcber. Dies wurde durch eine kleine Anfrage der Gr\u00fcnen Bundestagsfraktion deutlich. Valerie Wilms, Abgeordnete aus dem Kreis Pinneberg und Sprecherin f\u00fcr Maritime Politik, begr\u00fc\u00dft diese Ank\u00fcndigung: \u201eIch hoffe, dass jetzt entsprechende Gespr\u00e4che mit dem Land Schleswig-Holstein aufgenommen werden, um ein Fischereiverbot umzusetzen.\u201c<!--more-->Dar\u00fcber hinaus m\u00fcsse es aber vor allem um alle anderen Aktivit\u00e4ten gehen, bei denen ein mechanischer Kontakt mit dem Meeresgrund erfolgt. \u201eGefahren f\u00fcr den Menschen k\u00f6nnen damit minimiert und der Zugriff Dritter auf den chemischen Kampfstoff Tabun unterbunden werden\u201c, so Wilms.<br \/>\nDas in den versenkten Granaten verwendete Tabun ist ein extrem giftiger Nervenkampfstoff. Die Gefahr des besonders gef\u00e4hrlichen mechanischen Kontaktes mit der Kampfstoffmunition k\u00f6nnte durch ein Verbot deutlich verringert werden. Ein Fischereiverbot f\u00fcr das Gefahrengebiet kann aber laut Auskunft der Bundesregierung lediglich durch das Land Schleswig-Holstein erlassen werden.<br \/>\nEs wird davon ausgegangen, dass 1949 etwa 90 Tonnen der Giftgas-Granaten durch die damalige Britische Milit\u00e4radministration vor Helgoland versenkt wurden. Selbst mittels neuester Technik ist es derzeit jedoch nicht m\u00f6glich, die genaue Menge festzustellen und einzelne Kleinstobjekte au\u00dferhalb des exakten Versenkungsgebiets zu identifizieren. Auf Nachfrage der Gr\u00fcnen-Fraktion erl\u00e4uterte die Bundesregierung, dass die Gegenden, in denen solche Kleinstobjekte aufgesp\u00fcrt wurden, aber zu einem sogenannten Unreingebiet gez\u00e4hlt und munitionsbelastete Fl\u00e4chen als solche in Seekarten eingetragen werden.<\/p>\n","protected":false},"excerpt":{"rendered":"<p>Die Bundesregierung steht einem Verbot meeresbodenbezogener Aktivit\u00e4ten im Munitionsversenkungsgebiet s\u00fcdlich von Helgoland positiv gegen\u00fcber. Dies wurde durch eine kleine Anfrage<\/p>\n","protected":false},"author":3,"featured_media":0,"comment_status":"open","ping_status":"open","sticky":false,"template":"","format":"standard","meta":{"colormag_page_container_layout":"default_layout","colormag_page_sidebar_layout":"default_layout","footnotes":""},"categories":[20],"tags":[],"class_list":["post-15793","post","type-post","status-publish","format-standard","hentry","category-besondere-neuigkeiten"],"_links":{"self":[{"href":"https:\/\/hier-luebeck.de\/index.php\/wp-json\/wp\/v2\/posts\/15793","targetHints":{"allow":["GET"]}}],"collection":[{"href":"https:\/\/hier-luebeck.de\/index.php\/wp-json\/wp\/v2\/posts"}],"about":[{"href":"https:\/\/hier-luebeck.de\/index.php\/wp-json\/wp\/v2\/types\/post"}],"author":[{"embeddable":true,"href":"https:\/\/hier-luebeck.de\/index.php\/wp-json\/wp\/v2\/users\/3"}],"replies":[{"embeddable":true,"href":"https:\/\/hier-luebeck.de\/index.php\/wp-json\/wp\/v2\/comments?post=15793"}],"version-history":[{"count":0,"href":"https:\/\/hier-luebeck.de\/index.php\/wp-json\/wp\/v2\/posts\/15793\/revisions"}],"wp:attachment":[{"href":"https:\/\/hier-luebeck.de\/index.php\/wp-json\/wp\/v2\/media?parent=15793"}],"wp:term":[{"taxonomy":"category","embeddable":true,"href":"https:\/\/hier-luebeck.de\/index.php\/wp-json\/wp\/v2\/categories?post=15793"},{"taxonomy":"post_tag","embeddable":true,"href":"https:\/\/hier-luebeck.de\/index.php\/wp-json\/wp\/v2\/tags?post=15793"}],"curies":[{"name":"wp","href":"https:\/\/api.w.org\/{rel}","templated":true}]}}