{"id":15795,"date":"2010-05-25T19:30:28","date_gmt":"2010-05-25T17:30:28","guid":{"rendered":"http:\/\/www.hier-luebeck.de\/2010\/05\/haushaltskonsolidierung-und-bildungsinvestitionen-nicht-gegeneinander-ausspielen\/"},"modified":"2010-05-25T19:30:45","modified_gmt":"2010-05-25T17:30:45","slug":"haushaltskonsolidierung-und-bildungsinvestitionen-nicht-gegeneinander-ausspielen","status":"publish","type":"post","link":"https:\/\/hier-luebeck.de\/index.php\/haushaltskonsolidierung-und-bildungsinvestitionen-nicht-gegeneinander-ausspielen\/","title":{"rendered":"Haushaltskonsolidierung und Bildungsinvestitionen nicht gegeneinander ausspielen"},"content":{"rendered":"<p>Zum Sparpaket der  Haushaltsstrukturkommission erkl\u00e4rt der Vorsitzende der Gr\u00fcnen Landtagsfraktion,  <strong>Robert  Habeck<\/strong>:<\/p>\n<p>Wir stehen zu unserem Wort, nicht in  Oppositionsreflexe zu\u00a0 verfallen und sagen zu, alle Vorschl\u00e4ge ernsthaft zu  pr\u00fcfen. Dabei ist es zentral wichtig, dass das Paket insgesamt gerecht und  ausgewogen wird und wir f\u00fcr die Zukunftsherausforderungen Bildung und  Klimaschutz\u00a0 mehr als bisher investieren.<!--more-->Dies wird Schleswig-Holstein nur mit  Hilfe des Bundes schaffen. Deshalb mahnen wir an, dass sich die Landesregierung  \u00fcber den Bundesrat f\u00fcr mehr Steuereinnahmen einsetzt. Dazu haben wir heute einen  entsprechenden Landtagsantrag eingebracht. Die Zukunftsfragen  Haushaltskonsolidierung und Bildungsinvestitionen d\u00fcrfen nicht gegeneinander  ausgespielt werden.<\/p>\n","protected":false},"excerpt":{"rendered":"<p>Zum Sparpaket der Haushaltsstrukturkommission erkl\u00e4rt der Vorsitzende der Gr\u00fcnen Landtagsfraktion, Robert Habeck: Wir stehen zu unserem Wort, nicht in Oppositionsreflexe<\/p>\n","protected":false},"author":3,"featured_media":0,"comment_status":"open","ping_status":"open","sticky":false,"template":"","format":"standard","meta":{"colormag_page_container_layout":"default_layout","colormag_page_sidebar_layout":"default_layout","footnotes":""},"categories":[5],"tags":[],"class_list":["post-15795","post","type-post","status-publish","format-standard","hentry","category-politik-wirtschaft"],"_links":{"self":[{"href":"https:\/\/hier-luebeck.de\/index.php\/wp-json\/wp\/v2\/posts\/15795","targetHints":{"allow":["GET"]}}],"collection":[{"href":"https:\/\/hier-luebeck.de\/index.php\/wp-json\/wp\/v2\/posts"}],"about":[{"href":"https:\/\/hier-luebeck.de\/index.php\/wp-json\/wp\/v2\/types\/post"}],"author":[{"embeddable":true,"href":"https:\/\/hier-luebeck.de\/index.php\/wp-json\/wp\/v2\/users\/3"}],"replies":[{"embeddable":true,"href":"https:\/\/hier-luebeck.de\/index.php\/wp-json\/wp\/v2\/comments?post=15795"}],"version-history":[{"count":0,"href":"https:\/\/hier-luebeck.de\/index.php\/wp-json\/wp\/v2\/posts\/15795\/revisions"}],"wp:attachment":[{"href":"https:\/\/hier-luebeck.de\/index.php\/wp-json\/wp\/v2\/media?parent=15795"}],"wp:term":[{"taxonomy":"category","embeddable":true,"href":"https:\/\/hier-luebeck.de\/index.php\/wp-json\/wp\/v2\/categories?post=15795"},{"taxonomy":"post_tag","embeddable":true,"href":"https:\/\/hier-luebeck.de\/index.php\/wp-json\/wp\/v2\/tags?post=15795"}],"curies":[{"name":"wp","href":"https:\/\/api.w.org\/{rel}","templated":true}]}}