{"id":16442,"date":"2010-05-31T22:41:17","date_gmt":"2010-05-31T20:41:17","guid":{"rendered":"http:\/\/www.hier-luebeck.de\/2010\/05\/dr-christian-von-boetticher-bedauert-rucktritt-von-bundesprasident-horst-kohler\/"},"modified":"2010-05-31T22:41:44","modified_gmt":"2010-05-31T20:41:44","slug":"dr-christian-von-boetticher-bedauert-rucktritt-von-bundesprasident-horst-kohler","status":"publish","type":"post","link":"https:\/\/hier-luebeck.de\/index.php\/dr-christian-von-boetticher-bedauert-rucktritt-von-bundesprasident-horst-kohler\/","title":{"rendered":"Dr. Christian von Boetticher bedauert R\u00fccktritt von Bundespr\u00e4sident Horst K\u00f6hler"},"content":{"rendered":"<p>Der Vorsitzende der CDU-Fraktion im Schleswig-Holsteinischen Landtag, Dr. Christian von Boetticher, hat den R\u00fccktritt von Bundespr\u00e4sident Prof. Horst K\u00f6hler bedauert. Gleichzeitig \u00e4u\u00dferte er Respekt f\u00fcr K\u00f6hlers Entscheidung: \u201eHorst K\u00f6hler war ein Bundespr\u00e4sident, der seine Erfahrungen aus der Wirtschaft und aus internationalen Organisationen in seine Amtsf\u00fchrung hat einflie\u00dfen lassen. <!--more-->Das hat der politischen Debatte in Deutschland gut getan. In der Finanz- und Wirtschaftskrise war er mit seiner Fachkenntnis ein wichtiger und sachkundiger Mahner.<\/p>\n<p>Mit der Begr\u00fcndung seines R\u00fccktritts mahnt Horst K\u00f6hler zu Recht Respekt in der politischen Diskussion an. Die Ma\u00dflosigkeit, mit der zum Teil eine bewusste Fehlinterpretation seiner \u00c4u\u00dferungen vorgenommen wurde, lie\u00df jeden Respekt nicht nur vor dem Staatsamt sondern auch vor dem Menschen vermissen.\u201c<\/p>\n","protected":false},"excerpt":{"rendered":"<p>Der Vorsitzende der CDU-Fraktion im Schleswig-Holsteinischen Landtag, Dr. Christian von Boetticher, hat den R\u00fccktritt von Bundespr\u00e4sident Prof. Horst K\u00f6hler bedauert.<\/p>\n","protected":false},"author":3,"featured_media":0,"comment_status":"open","ping_status":"open","sticky":false,"template":"","format":"standard","meta":{"colormag_page_container_layout":"default_layout","colormag_page_sidebar_layout":"default_layout","footnotes":""},"categories":[5],"tags":[],"class_list":["post-16442","post","type-post","status-publish","format-standard","hentry","category-politik-wirtschaft"],"_links":{"self":[{"href":"https:\/\/hier-luebeck.de\/index.php\/wp-json\/wp\/v2\/posts\/16442","targetHints":{"allow":["GET"]}}],"collection":[{"href":"https:\/\/hier-luebeck.de\/index.php\/wp-json\/wp\/v2\/posts"}],"about":[{"href":"https:\/\/hier-luebeck.de\/index.php\/wp-json\/wp\/v2\/types\/post"}],"author":[{"embeddable":true,"href":"https:\/\/hier-luebeck.de\/index.php\/wp-json\/wp\/v2\/users\/3"}],"replies":[{"embeddable":true,"href":"https:\/\/hier-luebeck.de\/index.php\/wp-json\/wp\/v2\/comments?post=16442"}],"version-history":[{"count":0,"href":"https:\/\/hier-luebeck.de\/index.php\/wp-json\/wp\/v2\/posts\/16442\/revisions"}],"wp:attachment":[{"href":"https:\/\/hier-luebeck.de\/index.php\/wp-json\/wp\/v2\/media?parent=16442"}],"wp:term":[{"taxonomy":"category","embeddable":true,"href":"https:\/\/hier-luebeck.de\/index.php\/wp-json\/wp\/v2\/categories?post=16442"},{"taxonomy":"post_tag","embeddable":true,"href":"https:\/\/hier-luebeck.de\/index.php\/wp-json\/wp\/v2\/tags?post=16442"}],"curies":[{"name":"wp","href":"https:\/\/api.w.org\/{rel}","templated":true}]}}