{"id":16444,"date":"2010-05-31T22:42:48","date_gmt":"2010-05-31T20:42:48","guid":{"rendered":"http:\/\/www.hier-luebeck.de\/2010\/05\/thomas-rother-wolfgang-baasch-hans-muller-plenarsaal-muss-auch-offen-sein-fur-andere-gewahlte-parlamente\/"},"modified":"2010-05-31T22:43:02","modified_gmt":"2010-05-31T20:43:02","slug":"thomas-rother-wolfgang-baasch-hans-muller-plenarsaal-muss-auch-offen-sein-fur-andere-gewahlte-parlamente","status":"publish","type":"post","link":"https:\/\/hier-luebeck.de\/index.php\/thomas-rother-wolfgang-baasch-hans-muller-plenarsaal-muss-auch-offen-sein-fur-andere-gewahlte-parlamente\/","title":{"rendered":"Thomas Rother, Wolfgang Baasch, Hans M\u00fcller: Plenarsaal muss auch offen sein f\u00fcr andere gew\u00e4hlte Parlamente!"},"content":{"rendered":"<p><em>Zur  Weigerung des Landtagspr\u00e4sidenten, der L\u00fcbecker B\u00fcrgerschaft den Plenarsaal zur  Verf\u00fcgung zu stellen, erkl\u00e4ren die L\u00fcbecker SPD-Landtagsabgeordneten Thomas  Rother, Hans M\u00fcller und Wolfgang Baasch: <\/em>Wir  haben kein Verst\u00e4ndnis daf\u00fcr, dass Landtagspr\u00e4sident Geerdts der L\u00fcbecker  B\u00fcrgerschaft f\u00fcr eine regul\u00e4re ausw\u00e4rtige Sitzung einen Saal des Landtages  verweigert. <!--more-->Wir sind vielmehr der Ansicht, dass das Landeshaus, und gerade der  Plenarsaal, auch f\u00fcr andere gew\u00e4hlte Vertretungen der B\u00fcrgerinnen und B\u00fcrger  Schleswig-Holsteins offen sein muss. Nicht zuletzt mit der Begr\u00fcndung der  erweiterten Nutzung wurde der Plenarsaal im Zuge des Umbaus auf 120 Pl\u00e4tze  vergr\u00f6\u00dfert.<\/p>\n<p>Wir  werden uns gegen\u00fcber dem Landtagspr\u00e4sidenten daf\u00fcr einsetzen, dass die L\u00fcbecker  B\u00fcrgerschaft im Plenarsaal tagen darf; andernfalls bleibt ihr die M\u00f6glichkeit,  unter freiem Himmel auf dem Rasen vor dem Plenarsaal \u2013 und damit im Blickfeld  des Landtagspr\u00e4sidenten \u2011 zu tagen.<\/p>\n","protected":false},"excerpt":{"rendered":"<p>Zur Weigerung des Landtagspr\u00e4sidenten, der L\u00fcbecker B\u00fcrgerschaft den Plenarsaal zur Verf\u00fcgung zu stellen, erkl\u00e4ren die L\u00fcbecker SPD-Landtagsabgeordneten Thomas Rother, Hans<\/p>\n","protected":false},"author":3,"featured_media":0,"comment_status":"open","ping_status":"open","sticky":false,"template":"","format":"standard","meta":{"colormag_page_container_layout":"default_layout","colormag_page_sidebar_layout":"default_layout","footnotes":""},"categories":[5],"tags":[],"class_list":["post-16444","post","type-post","status-publish","format-standard","hentry","category-politik-wirtschaft"],"_links":{"self":[{"href":"https:\/\/hier-luebeck.de\/index.php\/wp-json\/wp\/v2\/posts\/16444","targetHints":{"allow":["GET"]}}],"collection":[{"href":"https:\/\/hier-luebeck.de\/index.php\/wp-json\/wp\/v2\/posts"}],"about":[{"href":"https:\/\/hier-luebeck.de\/index.php\/wp-json\/wp\/v2\/types\/post"}],"author":[{"embeddable":true,"href":"https:\/\/hier-luebeck.de\/index.php\/wp-json\/wp\/v2\/users\/3"}],"replies":[{"embeddable":true,"href":"https:\/\/hier-luebeck.de\/index.php\/wp-json\/wp\/v2\/comments?post=16444"}],"version-history":[{"count":0,"href":"https:\/\/hier-luebeck.de\/index.php\/wp-json\/wp\/v2\/posts\/16444\/revisions"}],"wp:attachment":[{"href":"https:\/\/hier-luebeck.de\/index.php\/wp-json\/wp\/v2\/media?parent=16444"}],"wp:term":[{"taxonomy":"category","embeddable":true,"href":"https:\/\/hier-luebeck.de\/index.php\/wp-json\/wp\/v2\/categories?post=16444"},{"taxonomy":"post_tag","embeddable":true,"href":"https:\/\/hier-luebeck.de\/index.php\/wp-json\/wp\/v2\/tags?post=16444"}],"curies":[{"name":"wp","href":"https:\/\/api.w.org\/{rel}","templated":true}]}}