{"id":16446,"date":"2010-05-31T22:44:47","date_gmt":"2010-05-31T20:44:47","guid":{"rendered":"http:\/\/www.hier-luebeck.de\/?p=16446"},"modified":"2010-05-31T22:44:47","modified_gmt":"2010-05-31T20:44:47","slug":"spd-andreas-zander-ubertreibt-bei-seinen-allwochentlichen-attacken","status":"publish","type":"post","link":"https:\/\/hier-luebeck.de\/index.php\/spd-andreas-zander-ubertreibt-bei-seinen-allwochentlichen-attacken\/","title":{"rendered":"SPD: &#8222;&#8230;Andreas Zander \u00fcbertreibt bei seinen allw\u00f6chentlichen Attacken&#8230;"},"content":{"rendered":"<p>Der Vorsitzende der SPD-B\u00fcrgerschaftsfraktion Peter Reinhardt erkl\u00e4rt:<br \/>\n\u201e Andreas Zander \u00fcbertreibt bei seinen allw\u00f6chentlichen Attacken gegen rot-rot-gr\u00fcn wie<br \/>\nimmer ma\u00dflos. Zander wei\u00df wohl nicht, was ein Tabubruch ist.<br \/>\nBei der SPD pflegen wir einen anderen politischen Stil. Dies haben wir in der Vergangenheit<br \/>\nauch allen zu verstehen gegeben, die an unsere T\u00fcr geklopft haben.<!--more-->Die SPD wird auch zuk\u00fcnftig in der B\u00fcrgerschaft keine Kandidaten mittragen, die kaum, dass<br \/>\ndie Tinte unter dem Austrittsschreiben trocken ist, auf einem anderen parteipolitischen Ticket<br \/>\nihre politische Karriere nahtlos fortsetzen wollen.<br \/>\nWir haben nichts dagegen, wenn jemand eine neue politische Heimat sucht und findet. Man<br \/>\nbraucht aber ein wenig Abstand und sollte nicht gleich mit fliegenden Fahnen neue<br \/>\nherausragende Aufgaben \u00fcbernehmen wollen.<br \/>\nWer ohne eine \u00dcberlegungs- oder anders gesagt \u201eK\u00fcndigungsfrist\u201c zu einer anderen<br \/>\nGruppierung in der L\u00fcbecker B\u00fcrgerschaft wechselt, ist f\u00fcr uns nur schwer vermittelbar und<br \/>\nw\u00e4hlbar.\u201c<\/p>\n","protected":false},"excerpt":{"rendered":"<p>Der Vorsitzende der SPD-B\u00fcrgerschaftsfraktion Peter Reinhardt erkl\u00e4rt: \u201e Andreas Zander \u00fcbertreibt bei seinen allw\u00f6chentlichen Attacken gegen rot-rot-gr\u00fcn wie immer ma\u00dflos.<\/p>\n","protected":false},"author":3,"featured_media":0,"comment_status":"open","ping_status":"open","sticky":false,"template":"","format":"standard","meta":{"colormag_page_container_layout":"default_layout","colormag_page_sidebar_layout":"default_layout","footnotes":""},"categories":[5],"tags":[],"class_list":["post-16446","post","type-post","status-publish","format-standard","hentry","category-politik-wirtschaft"],"_links":{"self":[{"href":"https:\/\/hier-luebeck.de\/index.php\/wp-json\/wp\/v2\/posts\/16446","targetHints":{"allow":["GET"]}}],"collection":[{"href":"https:\/\/hier-luebeck.de\/index.php\/wp-json\/wp\/v2\/posts"}],"about":[{"href":"https:\/\/hier-luebeck.de\/index.php\/wp-json\/wp\/v2\/types\/post"}],"author":[{"embeddable":true,"href":"https:\/\/hier-luebeck.de\/index.php\/wp-json\/wp\/v2\/users\/3"}],"replies":[{"embeddable":true,"href":"https:\/\/hier-luebeck.de\/index.php\/wp-json\/wp\/v2\/comments?post=16446"}],"version-history":[{"count":0,"href":"https:\/\/hier-luebeck.de\/index.php\/wp-json\/wp\/v2\/posts\/16446\/revisions"}],"wp:attachment":[{"href":"https:\/\/hier-luebeck.de\/index.php\/wp-json\/wp\/v2\/media?parent=16446"}],"wp:term":[{"taxonomy":"category","embeddable":true,"href":"https:\/\/hier-luebeck.de\/index.php\/wp-json\/wp\/v2\/categories?post=16446"},{"taxonomy":"post_tag","embeddable":true,"href":"https:\/\/hier-luebeck.de\/index.php\/wp-json\/wp\/v2\/tags?post=16446"}],"curies":[{"name":"wp","href":"https:\/\/api.w.org\/{rel}","templated":true}]}}