{"id":1694,"date":"2009-09-05T08:25:34","date_gmt":"2009-09-05T08:25:34","guid":{"rendered":"http:\/\/testserver\/wordpress\/?p=1594"},"modified":"2009-09-05T08:25:34","modified_gmt":"2009-09-05T08:25:34","slug":"hansjrgen_brner_zeigt_seine_dokumentation_meine_stasi","status":"publish","type":"post","link":"https:\/\/hier-luebeck.de\/index.php\/hansjrgen_brner_zeigt_seine_dokumentation_meine_stasi\/","title":{"rendered":"Hans-J\u00fcrgen B\u00f6rner zeigt seine Dokumentation &#8222;Meine Stasi&#8220;"},"content":{"rendered":"<p><img decoding=\"async\" title=\"Termine\" src=\"http:\/\/www.hier-luebeck.de\/images\/topics\/Termine.jpg\" alt=\"Termine\" \/><br \/>\nFilm und Gespr\u00e4chsabend mit dem westdeutschen Journalisten am 11. September im Koki<br \/>\nIm Rahmen der st\u00e4dtischen Projekte zum Thema &#8222;20 Jahre Grenz\u00f6ffnung&#8220; (Grenzerfahrungen) findet am Freitag, 11. September 2009, 19.30 Uhr, im Kino Koki, Mengstra\u00dfe 35, ein Film- und Gespr\u00e4chsabend mit Hans-J\u00fcrgen B\u00f6rner statt.<!--more--> Der 40-min\u00fctigen Dokumentarfilm &#8222;Meine Stasi&#8220; offenbart erstaunliche Bekenntnisse, viel Verdr\u00e4ngung und alte Stasi-Seilschaften, die auch heute noch funktionieren. Im anschlie\u00dfendes Gespr\u00e4ch soll es um individuelle M\u00f6glichkeiten der Aufarbeitung, aber auch um ihre Behinderung durch deutsche Gerichte gehen, um das Sch\u00f6nf\u00e4rben der Diktatur und um den Anteil, den die Berichterstattung der westdeutschen Presse an den Ereignissen der Friedlichen Revolution hatte. Die Zuschauer sind eingeladen, Fragen zu stellen und zu diskutieren. Der Eintritt betr\u00e4gt f\u00fcnf Euro. Karten sind an der Abendkasse erh\u00e4ltlich.<br \/>\nAn den Journalisten Hans-J\u00fcrgen B\u00f6rner d\u00fcrften sich viele Fernsehzuschauer noch als &#8222;Mann mit der Fliege&#8220; erinnern, der die NDR-Sendung &#8222;extradrei&#8220; moderierte. Von 1986-1989 aber war B\u00f6rner Korrespondent f\u00fcr die ARD in Ost-Berlin. Mit seinem Anspruch zu berichten, &#8222;wie die DDR wirklich war&#8220;, begab er sich st\u00e4ndig in Konflikte mit der Staatssicherheit, die ihn auf Schritt und Tritt \u00fcberwachte und reglementierte. Erst im Sommer 2008 sichtete B\u00f6rner seine Stasi-Akten und musste erfahren, dass sich unter den zahlreichen auf ihn angesetzten IM alte Freunde und selbst Familienmitglieder befanden. Mit der Kamera machte er sich auf Spurensuche nach seinen Spitzeln.<\/p>\n","protected":false},"excerpt":{"rendered":"<p>Film und Gespr\u00e4chsabend mit dem westdeutschen Journalisten am 11. September im Koki Im Rahmen der st\u00e4dtischen Projekte zum Thema &#8222;20<\/p>\n","protected":false},"author":3,"featured_media":0,"comment_status":"open","ping_status":"open","sticky":false,"template":"","format":"standard","meta":{"colormag_page_container_layout":"default_layout","colormag_page_sidebar_layout":"default_layout","footnotes":""},"categories":[13],"tags":[],"class_list":["post-1694","post","type-post","status-publish","format-standard","hentry","category-veranstaltungen"],"_links":{"self":[{"href":"https:\/\/hier-luebeck.de\/index.php\/wp-json\/wp\/v2\/posts\/1694","targetHints":{"allow":["GET"]}}],"collection":[{"href":"https:\/\/hier-luebeck.de\/index.php\/wp-json\/wp\/v2\/posts"}],"about":[{"href":"https:\/\/hier-luebeck.de\/index.php\/wp-json\/wp\/v2\/types\/post"}],"author":[{"embeddable":true,"href":"https:\/\/hier-luebeck.de\/index.php\/wp-json\/wp\/v2\/users\/3"}],"replies":[{"embeddable":true,"href":"https:\/\/hier-luebeck.de\/index.php\/wp-json\/wp\/v2\/comments?post=1694"}],"version-history":[{"count":0,"href":"https:\/\/hier-luebeck.de\/index.php\/wp-json\/wp\/v2\/posts\/1694\/revisions"}],"wp:attachment":[{"href":"https:\/\/hier-luebeck.de\/index.php\/wp-json\/wp\/v2\/media?parent=1694"}],"wp:term":[{"taxonomy":"category","embeddable":true,"href":"https:\/\/hier-luebeck.de\/index.php\/wp-json\/wp\/v2\/categories?post=1694"},{"taxonomy":"post_tag","embeddable":true,"href":"https:\/\/hier-luebeck.de\/index.php\/wp-json\/wp\/v2\/tags?post=1694"}],"curies":[{"name":"wp","href":"https:\/\/api.w.org\/{rel}","templated":true}]}}