{"id":17008,"date":"2010-06-09T17:35:21","date_gmt":"2010-06-09T15:35:21","guid":{"rendered":"http:\/\/www.hier-luebeck.de\/?p=17008"},"modified":"2010-06-09T17:35:21","modified_gmt":"2010-06-09T15:35:21","slug":"groses-sommerfest-bei-der-vorwerker-diakonie-vorwerker-diakonie-ladt-am-20-juni-2010-zu-buntem-familienfest-ein","status":"publish","type":"post","link":"https:\/\/hier-luebeck.de\/index.php\/groses-sommerfest-bei-der-vorwerker-diakonie-vorwerker-diakonie-ladt-am-20-juni-2010-zu-buntem-familienfest-ein\/","title":{"rendered":"Gro\u00dfes Sommerfest bei der Vorwerker Diakonie: Vorwerker Diakonie l\u00e4dt am 20. Juni 2010 zu buntem Familienfest ein."},"content":{"rendered":"<p><a href=\"http:\/\/www.hier-luebeck.de\/wp-content\/uploads\/2010\/06\/jannis_marquardt.jpg\"><img loading=\"lazy\" decoding=\"async\" class=\"size-full wp-image-17009 alignleft\" title=\"jannis_marquardt\" src=\"http:\/\/www.hier-luebeck.de\/wp-content\/uploads\/2010\/06\/jannis_marquardt.jpg\" alt=\"\" width=\"500\" height=\"435\" srcset=\"https:\/\/hier-luebeck.de\/wp-content\/uploads\/2010\/06\/jannis_marquardt.jpg 500w, https:\/\/hier-luebeck.de\/wp-content\/uploads\/2010\/06\/jannis_marquardt-320x278.jpg 320w, https:\/\/hier-luebeck.de\/wp-content\/uploads\/2010\/06\/jannis_marquardt-390x340.jpg 390w\" sizes=\"auto, (max-width: 500px) 100vw, 500px\" \/><\/a>Am Sonntag, 20. Juni 2010, ist es wieder soweit: Die Vorwerker Diakonie feiert ihr gro\u00dfes Sommerfest auf ihrem Zentralgel\u00e4nde an der Triftstra\u00dfe 139-143, 23554 L\u00fcbeck. Unter dem Motto \u201eIn jedem steckt ein Held!\u201c stehen von 11 bis 18 Uhr Spa\u00df, Musik, Spiel und Schlemmereien auf dem Programm. \u201eWir geben auch in diesem Jahr wieder ein buntes Fest f\u00fcr die ganze Familie&#8220;, sagt Hans Uwe Rehse, Vorstand der Vorwerker Diakonie. \u201eJedermann ist herzlich eingeladen, mit uns in den Sommer zu starten\u201c.<!--more-->Das gesamte Zentralgel\u00e4nde der Vorwerker Diakonie verwandelt sich in einen gro\u00dfen Festplatz. Los geht es um 10 Uhr mit einem Gottesdienst. Ab 11 Uhr warten auf die Besucher bunte Angebote: Gro\u00dfe Flohmarktmeile, Kistenklettern, Kinderschminken, Musikshow, Gl\u00fccksrad, Niedrigseilparcour, Live-Musik, Hip-Hop-Dance, Stockbrotbacken, H\u00fcpfkissen und vieles mehr. Nicht zu vergessen: Speisen und Getr\u00e4nke f\u00fcr jeden Geschmack &#8211; und nat\u00fcrlich Fahrten mit der Vorwerker Kleinbahn, Abfahrt halbst\u00fcndlich.<\/p>\n<p>Das Motto \u201eIn jedem steckt ein Held!\u201c ist gleichzeitig Motto der direkt vor dem Sommerfest zu Ende gehenden Nationalen Olympischen Sommerspiele in Bremen. 48 Sportler mit Behinderungen, die in der Vorwerker Diakonie begleitet werden, haben sich f\u00fcr diese Olympischen Spiele qualifiziert und werden zu Beginn des Festes von L\u00fcbecks B\u00fcrgermeister Bernd Saxe begr\u00fc\u00dft und geehrt. Ganz im Zeichen des Sports steht dann um 16.45 Uhr auch das Fu\u00dfballspiel \u201eVorwerk gegen Vorwerk\u201c: Die Olympia-Fu\u00dfballmannschaft misst sich dann mit hauptamtlichen Mitarbeitern der Vorwerker Diakonie.<\/p>\n<p>\u201eUnser Sommerfest ist mehr als ein Tag der offenen T\u00fcr\u201c, sagt Rehse. \u201eWir bieten einen Sonntag mit einmaliger Atmosph\u00e4re. Vorbeischauen lohnt sich auf jeden Fall!\u201c Das Gel\u00e4nde der Vorwerker Diakonie ist mit \u00f6ffentlichen Verkehrsmitteln, Linie 3 und 10, Haltestelle \u201eVorwerker Diakonie\u201c oder \u201eBogenstra\u00dfe\u201c. Parkm\u00f6glichkeiten bestehen auf dem Betriebsgel\u00e4nde der Stadtwerke in der Friedhofsallee\/Ratekauer Weg &#8211; von dort bietet die Vorwerker Diakonie einen kostenlosen Shuttleservice zum Festgel\u00e4nde.<\/p>\n<p>Zusatzinformation<br \/>\nDie Vorwerker Diakonie ist Anbieter von sozialen Dienstleistungen f\u00fcr pflegebed\u00fcrftige Senioren, Menschen mit Beeintr\u00e4chtigungen, Kinder und Jugendliche mit besonderen Schwierigkeiten sowie Menschen in sozialer Not. In \u00fcber 65 Einrichtungen arbeiten mehr als 2.500 Menschen mit und ohne Behinderungen.<br \/>\nDie Vorwerker Diakonie wurde im Juni 1906 in L\u00fcbeck gegr\u00fcndet und feiert seit dem j\u00e4hrlich im Juni ihr Sommerfest als eine Art \u201eGeburtstagsparty\u201c. Das Sommerfest findet statt auf dem parkartigen Zentralgel\u00e4nde der Vorwerker Diakonie an der Triftstra\u00dfe 139-143, 23554 L\u00fcbeck.<\/p>\n","protected":false},"excerpt":{"rendered":"<p>Am Sonntag, 20. Juni 2010, ist es wieder soweit: Die Vorwerker Diakonie feiert ihr gro\u00dfes Sommerfest auf ihrem Zentralgel\u00e4nde an<\/p>\n","protected":false},"author":3,"featured_media":0,"comment_status":"open","ping_status":"open","sticky":false,"template":"","format":"standard","meta":{"colormag_page_container_layout":"default_layout","colormag_page_sidebar_layout":"default_layout","footnotes":""},"categories":[13],"tags":[],"class_list":["post-17008","post","type-post","status-publish","format-standard","hentry","category-veranstaltungen"],"_links":{"self":[{"href":"https:\/\/hier-luebeck.de\/index.php\/wp-json\/wp\/v2\/posts\/17008","targetHints":{"allow":["GET"]}}],"collection":[{"href":"https:\/\/hier-luebeck.de\/index.php\/wp-json\/wp\/v2\/posts"}],"about":[{"href":"https:\/\/hier-luebeck.de\/index.php\/wp-json\/wp\/v2\/types\/post"}],"author":[{"embeddable":true,"href":"https:\/\/hier-luebeck.de\/index.php\/wp-json\/wp\/v2\/users\/3"}],"replies":[{"embeddable":true,"href":"https:\/\/hier-luebeck.de\/index.php\/wp-json\/wp\/v2\/comments?post=17008"}],"version-history":[{"count":0,"href":"https:\/\/hier-luebeck.de\/index.php\/wp-json\/wp\/v2\/posts\/17008\/revisions"}],"wp:attachment":[{"href":"https:\/\/hier-luebeck.de\/index.php\/wp-json\/wp\/v2\/media?parent=17008"}],"wp:term":[{"taxonomy":"category","embeddable":true,"href":"https:\/\/hier-luebeck.de\/index.php\/wp-json\/wp\/v2\/categories?post=17008"},{"taxonomy":"post_tag","embeddable":true,"href":"https:\/\/hier-luebeck.de\/index.php\/wp-json\/wp\/v2\/tags?post=17008"}],"curies":[{"name":"wp","href":"https:\/\/api.w.org\/{rel}","templated":true}]}}