{"id":17765,"date":"2010-06-24T15:49:31","date_gmt":"2010-06-24T13:49:31","guid":{"rendered":"http:\/\/www.hier-luebeck.de\/?p=17765"},"modified":"2010-06-24T18:51:48","modified_gmt":"2010-06-24T16:51:48","slug":"kieler-woche-ard-stars-live-am-ostseekai-und-online-im-film-der-ndr-auszubildenden","status":"publish","type":"post","link":"https:\/\/hier-luebeck.de\/index.php\/kieler-woche-ard-stars-live-am-ostseekai-und-online-im-film-der-ndr-auszubildenden\/","title":{"rendered":"Kieler Woche: ARD Stars live am Ostseekai und online im Film der NDR Auszubildenden"},"content":{"rendered":"<p><a href=\"http:\/\/www.hier-luebeck.de\/wp-content\/uploads\/2010\/06\/NDR-Auszubildende-im-Schnittmobil-auf-der-Kieler-Woche-am-Ostseekai-honorarfrei-bei-Quellenangabe-NDR-Maas.jpg\"><img loading=\"lazy\" decoding=\"async\" class=\"alignleft size-medium wp-image-17766\" title=\"NDR Auszubildende im Schnittmobil auf der Kieler Woche am Ostseekai honorarfrei bei Quellenangabe NDR Maas\" src=\"http:\/\/www.hier-luebeck.de\/wp-content\/uploads\/2010\/06\/NDR-Auszubildende-im-Schnittmobil-auf-der-Kieler-Woche-am-Ostseekai-honorarfrei-bei-Quellenangabe-NDR-Maas-320x212.jpg\" alt=\"\" width=\"320\" height=\"212\" srcset=\"https:\/\/hier-luebeck.de\/wp-content\/uploads\/2010\/06\/NDR-Auszubildende-im-Schnittmobil-auf-der-Kieler-Woche-am-Ostseekai-honorarfrei-bei-Quellenangabe-NDR-Maas-320x212.jpg 320w, https:\/\/hier-luebeck.de\/wp-content\/uploads\/2010\/06\/NDR-Auszubildende-im-Schnittmobil-auf-der-Kieler-Woche-am-Ostseekai-honorarfrei-bei-Quellenangabe-NDR-Maas-426x282.jpg 426w, https:\/\/hier-luebeck.de\/wp-content\/uploads\/2010\/06\/NDR-Auszubildende-im-Schnittmobil-auf-der-Kieler-Woche-am-Ostseekai-honorarfrei-bei-Quellenangabe-NDR-Maas.jpg 500w\" sizes=\"auto, (max-width: 320px) 100vw, 320px\" \/><\/a>Termine: Sonnabend, 26. Juni, und  Sonntag, 27. Juni<\/p>\n<p>Die \u201eLindenstra\u00dfe\u201c am Ostseekai,  \u201eRote Rosen\u201c an der F\u00f6rde \u2013 NDR 1 Welle Nord und das Schleswig-Holstein Magazin  holen die Stars der ARD-Vorabendserien auf die Kieler Woche. Jeweils ab 15.00  Uhr geben sie am Sonnabend, 26. Juni, und Sonntag, 27. Juni, eine  Autogrammstunde auf dem NDR Areal. Wer nicht vor Ort ist, kann online unter  www.wellenord.de und www.schleswig-holstein-magazin.de das Treffen der ARD Stars  erleben. Daf\u00fcr sorgen die Auszubildenden des  NDR. Jeden Tag stellen die 18 Mediengestalter und Volont\u00e4re ihre Filme,  Reportagen und Interviews ins Netz.<!--more-->Fans der Serie \u201eRote Rosen\u201c treffen  ihre Lieblingsschauspieler am Sonnabend, 26. Juni. Zu Gast sind dann <strong>Nicolas  K\u00f6nig<\/strong> (\u201eTim Matthiessen\u201c), <strong>Mona Klare<\/strong> (\u201eGesa Matthiessen\u201c) und  <strong>Imke B\u00fcchel<\/strong> (\u201eChrista Haberland\u201c). In diesem Jahr feiert die  \u201eLindenstra\u00dfe\u201c ihren 25. Geburtstag. Zum Jubil\u00e4um geben <strong>Ludwig Haas<\/strong> (\u201eDr.  Ludwig Dressler\u201c), <strong>Cosima Viola<\/strong> (\u201eJack Aichinger\u201c) und <strong>Christian  Rudolf<\/strong> (\u201eJimi Stadler\u201c) am Sonntag, 27. Juni, eine Autogrammstunde am  Ostseekai. Die NDR Azubis sind live dabei und stellen Interviews mit den Stars  online. \u201eSerien- und Comedystars oder Bands wie Silbermond bereits w\u00e4hrend der  Ausbildung vor die Kamera zu bekommen ist einfach klasse!\u201c, freut sich NDR  Volont\u00e4rin Melanie Stinn.<\/p>\n<p>Die Kieler Woche geh\u00f6rt zu den  gr\u00f6\u00dften Ausbildungsprojekten des NDR. Tom Hauser von der Abteilung Aus- und  Fortbildung ist zust\u00e4ndig f\u00fcr die fachliche Ausbildung der Mediengestalter auf  der Kieler Woche: \u201eDie Auszubildenden lernen hier eigenverantwortlich zu  arbeiten, sich im Team zu organisieren und wer wo f\u00fcr was verantwortlich ist.\u201c  Redakteur Sascha Grieve aus dem Landesfunkhaus in Kiel f\u00fchrt die Teams  inhaltlich. \u201eDie Auswahl der Themen und Blickwinkel, mal was Neues ausprobieren,  Interviews vorbereiten, den Dreh im Team organisieren, sich abstimmen \u2013 all das  bietet die Kieler Woche. Unser Nachwuchs hat hier unendlich viele  M\u00f6glichkeiten\u201c, sagt Grieve. Das Spektrum ist breit: Die Azubis k\u00fcmmern sich um  das Live-Streaming der Konzerte, die Bespielung der beiden jeweils 30m\u00b2 gro\u00dfen  LED W\u00e4nde vor der NDR B\u00fchne, Mitschnitte, Einspieler, Filme und Reportagen \u2013  live vor Ort und im Internet.<\/p>\n<p>Foto: NDR\/Maas (Im Bild: NDR Mediengestalter im Schnittmobil hinter der NDR B\u00fchne am  Ostseekai<\/p>\n","protected":false},"excerpt":{"rendered":"<p>Termine: Sonnabend, 26. Juni, und Sonntag, 27. Juni Die \u201eLindenstra\u00dfe\u201c am Ostseekai, \u201eRote Rosen\u201c an der F\u00f6rde \u2013 NDR 1<\/p>\n","protected":false},"author":3,"featured_media":0,"comment_status":"open","ping_status":"open","sticky":false,"template":"","format":"standard","meta":{"colormag_page_container_layout":"default_layout","colormag_page_sidebar_layout":"default_layout","footnotes":""},"categories":[13],"tags":[],"class_list":["post-17765","post","type-post","status-publish","format-standard","hentry","category-veranstaltungen"],"_links":{"self":[{"href":"https:\/\/hier-luebeck.de\/index.php\/wp-json\/wp\/v2\/posts\/17765","targetHints":{"allow":["GET"]}}],"collection":[{"href":"https:\/\/hier-luebeck.de\/index.php\/wp-json\/wp\/v2\/posts"}],"about":[{"href":"https:\/\/hier-luebeck.de\/index.php\/wp-json\/wp\/v2\/types\/post"}],"author":[{"embeddable":true,"href":"https:\/\/hier-luebeck.de\/index.php\/wp-json\/wp\/v2\/users\/3"}],"replies":[{"embeddable":true,"href":"https:\/\/hier-luebeck.de\/index.php\/wp-json\/wp\/v2\/comments?post=17765"}],"version-history":[{"count":0,"href":"https:\/\/hier-luebeck.de\/index.php\/wp-json\/wp\/v2\/posts\/17765\/revisions"}],"wp:attachment":[{"href":"https:\/\/hier-luebeck.de\/index.php\/wp-json\/wp\/v2\/media?parent=17765"}],"wp:term":[{"taxonomy":"category","embeddable":true,"href":"https:\/\/hier-luebeck.de\/index.php\/wp-json\/wp\/v2\/categories?post=17765"},{"taxonomy":"post_tag","embeddable":true,"href":"https:\/\/hier-luebeck.de\/index.php\/wp-json\/wp\/v2\/tags?post=17765"}],"curies":[{"name":"wp","href":"https:\/\/api.w.org\/{rel}","templated":true}]}}