{"id":17998,"date":"2010-07-01T10:00:06","date_gmt":"2010-07-01T08:00:06","guid":{"rendered":"http:\/\/www.hier-luebeck.de\/2010\/07\/wachwechsel-bei-der-ihk-schleswig-holstein-leicht-lost-boge-ab\/"},"modified":"2010-07-01T08:39:49","modified_gmt":"2010-07-01T06:39:49","slug":"wachwechsel-bei-der-ihk-schleswig-holstein-leicht-lost-boge-ab","status":"publish","type":"post","link":"https:\/\/hier-luebeck.de\/index.php\/wachwechsel-bei-der-ihk-schleswig-holstein-leicht-lost-boge-ab\/","title":{"rendered":"Wachwechsel bei der IHK Schleswig-Holstein: Leicht l\u00f6st B\u00f6ge ab"},"content":{"rendered":"<p><a href=\"http:\/\/www.hier-luebeck.de\/wp-content\/uploads\/2010\/07\/Andreas-Leicht1.jpg\"><img loading=\"lazy\" decoding=\"async\" class=\"alignleft size-full wp-image-18003\" title=\"Andreas-Leicht1\" src=\"http:\/\/www.hier-luebeck.de\/wp-content\/uploads\/2010\/07\/Andreas-Leicht1.jpg\" alt=\"\" width=\"324\" height=\"217\" srcset=\"https:\/\/hier-luebeck.de\/wp-content\/uploads\/2010\/07\/Andreas-Leicht1.jpg 500w, https:\/\/hier-luebeck.de\/wp-content\/uploads\/2010\/07\/Andreas-Leicht1-320x214.jpg 320w, https:\/\/hier-luebeck.de\/wp-content\/uploads\/2010\/07\/Andreas-Leicht1-426x285.jpg 426w\" sizes=\"auto, (max-width: 324px) 100vw, 324px\" \/><\/a>Christoph Andreas Leicht (47) ist neuer Pr\u00e4sident der IHK Schleswig-Holstein. Der Pr\u00e4ses<br \/>\nder IHK zu L\u00fcbeck und gesch\u00e4ftsf\u00fchrende Gesellschafter der Hansa-Park Freizeit und<br \/>\nFamilienpark GmbH &amp; Co. KG sagte im Anschluss an die Entscheidung des Kuratoriums der<br \/>\nIHK Schleswig-Holstein: \u201eIch freue mich, die erfolgreiche Arbeit von Margarete B\u00f6ge<br \/>\nfortsetzen und das gegenseitige Vertrauen innerhalb der Arbeitsgemeinschaft der drei<br \/>\nschleswig-holsteinischen IHKs vertiefen zu k\u00f6nnen.\u201c<!--more-->\u201eIn meiner Amtszeit wird es mir in erster Linie darum gehen, die Gemeinsamkeiten in der IHK<br \/>\nSchleswig-Holstein zu st\u00e4rken\u201c, betonte Leicht. Dies werde die Bedeutung der IHKOrganisation<br \/>\nzum Beispiel in Fragen der Politikberatung noch weiter steigern. Innerhalb der<br \/>\nschleswig-holsteinischen Arbeitsgemeinschaft stehen Leicht als Vize-Pr\u00e4sidenten Uwe<br \/>\nM\u00f6ser (IHK zu Flensburg) und Klaus-Hinrich Vater (IHK zu Kiel) zur Seite.<br \/>\nHauptgesch\u00e4ftsf\u00fchrer der IHK Schleswig-Holstein ist Peter Michael Stein (IHK zu Flensburg).<br \/>\nAls Stellvertreter agieren Dr. J\u00f6rn Biel (IHK zu Kiel) und Matthias Schulz-Kleinfeldt (IHK zu<br \/>\nL\u00fcbeck). \u201eWir wollen im Verbund als IHKs in Kiel, Flensburg und L\u00fcbeck noch st\u00e4rker<br \/>\ngemeinschaftlich unsere Interessen gegen\u00fcber der Politik vertreten\u201c, sagte Leicht. F\u00fcr ein<br \/>\nerfolgreiches Engagement in einer Wirtschaftsregion Nord sei der Schulterschluss der drei<br \/>\nIHKs in Schleswig-Holstein besonders wichtig. Dies schlie\u00dfe auch den Ausbau der<br \/>\npartnerschaftlichen Verbindung mit der Handelskammer Hamburg ein.<br \/>\nLeicht tritt das Pr\u00e4sidentenamt zum 1. Juli 2010 an und folgt somit Margarete B\u00f6ge (64), die<br \/>\ndrei Jahre lang das Spitzenamt innehatte. Die Kieler Unternehmerin (Wulff Textil Service<br \/>\nGmbH) scheidet mit Ablauf der Amtszeit aus dieser Position aus. B\u00f6ge lag die Aus- und<br \/>\nWeiterbildung von Jugendlichen und die Qualifizierung von Mitarbeitern stets am Herzen.<br \/>\nErfolgreich verstand es die Unternehmerin, andere Frauen aus der Wirtschaft f\u00fcr die Arbeit<br \/>\nder IHK Schleswig-Holstein zu begeistern. Als Unternehmerin hat sie sich dar\u00fcber hinaus<br \/>\nstark f\u00fcr die Vereinbarkeit von Familie und Beruf engagiert. \u201eLandesarbeitsgemeinschaften<br \/>\nzwischen den Industrie- und Handelskammern gibt es in jedem Bundesland. Allerdings ist<\/p>\n<p>mir kein Fall bekannt, wo es eine gleicherma\u00dfen schlanke und schlagkr\u00e4ftige Struktur gibt,<br \/>\ndie eine eindeutig ziel- und kundenorientierte Arbeit in den Vordergrund stellt\u201c, fasste B\u00f6ge<br \/>\nihre Erfolge zusammen.<br \/>\nDie IHK Schleswig-Holstein ist eine Arbeitsgemeinschaft der IHKs im Lande. Als der zentrale<br \/>\nAnsprechpartner f\u00fcr alle Fragestellungen zum Thema Wirtschaft, die mehr als nur regionale<br \/>\nBedeutung haben, wurde sie zum Jahreswechsel 2005\/2006 ins Leben gerufen. Ziel ist eine<br \/>\nvertiefte Kooperation zwischen den IHKs in Kiel, L\u00fcbeck und Flensburg. Zu den<br \/>\n\u00fcberregionalen Fragestellungen b\u00fcndelt sie die Meinung der IHKs in Schleswig-Holstein, so<br \/>\ndass diese gegen\u00fcber Politik und Verwaltung mit einer Stimme f\u00fcr die Wirtschaft im Lande<br \/>\nsprechen.<br \/>\nDie Presse- und Gesch\u00e4ftsstelle der IHK Schleswig-Holstein sind im Kieler Haus der<br \/>\nWirtschaft angesiedelt. Seit dem 1. September 2006 erscheint die \u201eWirtschaft zwischen<br \/>\nNord- und Ostsee\u201c als gemeinsames Magazin der drei in der IHK Schleswig-Holstein<br \/>\nzusammen agierenden IHKs. Zum selben Zeitpunkt ging auch der gemeinsame<br \/>\nInternetauftritt an den Start.<\/p>\n","protected":false},"excerpt":{"rendered":"<p>Christoph Andreas Leicht (47) ist neuer Pr\u00e4sident der IHK Schleswig-Holstein. Der Pr\u00e4ses der IHK zu L\u00fcbeck und gesch\u00e4ftsf\u00fchrende Gesellschafter der<\/p>\n","protected":false},"author":3,"featured_media":0,"comment_status":"open","ping_status":"open","sticky":false,"template":"","format":"standard","meta":{"colormag_page_container_layout":"default_layout","colormag_page_sidebar_layout":"default_layout","footnotes":""},"categories":[5],"tags":[],"class_list":["post-17998","post","type-post","status-publish","format-standard","hentry","category-politik-wirtschaft"],"_links":{"self":[{"href":"https:\/\/hier-luebeck.de\/index.php\/wp-json\/wp\/v2\/posts\/17998","targetHints":{"allow":["GET"]}}],"collection":[{"href":"https:\/\/hier-luebeck.de\/index.php\/wp-json\/wp\/v2\/posts"}],"about":[{"href":"https:\/\/hier-luebeck.de\/index.php\/wp-json\/wp\/v2\/types\/post"}],"author":[{"embeddable":true,"href":"https:\/\/hier-luebeck.de\/index.php\/wp-json\/wp\/v2\/users\/3"}],"replies":[{"embeddable":true,"href":"https:\/\/hier-luebeck.de\/index.php\/wp-json\/wp\/v2\/comments?post=17998"}],"version-history":[{"count":0,"href":"https:\/\/hier-luebeck.de\/index.php\/wp-json\/wp\/v2\/posts\/17998\/revisions"}],"wp:attachment":[{"href":"https:\/\/hier-luebeck.de\/index.php\/wp-json\/wp\/v2\/media?parent=17998"}],"wp:term":[{"taxonomy":"category","embeddable":true,"href":"https:\/\/hier-luebeck.de\/index.php\/wp-json\/wp\/v2\/categories?post=17998"},{"taxonomy":"post_tag","embeddable":true,"href":"https:\/\/hier-luebeck.de\/index.php\/wp-json\/wp\/v2\/tags?post=17998"}],"curies":[{"name":"wp","href":"https:\/\/api.w.org\/{rel}","templated":true}]}}