{"id":18289,"date":"2010-07-08T00:23:16","date_gmt":"2010-07-07T22:23:16","guid":{"rendered":"http:\/\/www.hier-luebeck.de\/?p=18289"},"modified":"2010-07-08T00:44:33","modified_gmt":"2010-07-07T22:44:33","slug":"kreishandwerkerschaft-feierte-ihr-2-zunftiges-sommerfest-in-der-gustav-adolf-strasse","status":"publish","type":"post","link":"https:\/\/hier-luebeck.de\/index.php\/kreishandwerkerschaft-feierte-ihr-2-zunftiges-sommerfest-in-der-gustav-adolf-strasse\/","title":{"rendered":"Kreishandwerkerschaft feierte ihr 2. z\u00fcnftiges Sommerfest in der Gustav-Adolf-Strasse"},"content":{"rendered":"<p><a href=\"http:\/\/www.hier-luebeck.de\/wp-content\/uploads\/2010\/07\/tbf070710_KreiHa-Sommerfest_Freywald_091.jpg\"><img loading=\"lazy\" decoding=\"async\" class=\"alignleft size-full wp-image-18293\" title=\"tbf070710_KreiHa-Sommerfest_Freywald_091\" src=\"http:\/\/www.hier-luebeck.de\/wp-content\/uploads\/2010\/07\/tbf070710_KreiHa-Sommerfest_Freywald_091.jpg\" alt=\"\" width=\"500\" height=\"332\" srcset=\"https:\/\/hier-luebeck.de\/wp-content\/uploads\/2010\/07\/tbf070710_KreiHa-Sommerfest_Freywald_091.jpg 500w, https:\/\/hier-luebeck.de\/wp-content\/uploads\/2010\/07\/tbf070710_KreiHa-Sommerfest_Freywald_091-320x212.jpg 320w, https:\/\/hier-luebeck.de\/wp-content\/uploads\/2010\/07\/tbf070710_KreiHa-Sommerfest_Freywald_091-426x282.jpg 426w\" sizes=\"auto, (max-width: 500px) 100vw, 500px\" \/><\/a>Auch in diesem Jahr feierte die Kreishandwerkerschaft auf ihrem Rasengrund in der Gustav-Adolf-Strasse z\u00fcnftig ihr 2. Sommerfest und 250 G\u00e4ste kamen der Einladung gerne nach. Firma Dobberthien stellte die Pagodenzelte, Tische und einiges mehr auf und pr\u00e4sentierte Spanferkel, die Fischh\u00fctte (DEHOGA-Mitglied) servierte frisch gebratenen Fisch, Bratkartoffeln und Salat und Innungsobermeister Czuday mit seiner Frau stellte das Dessert zur Verf\u00fcgung. Die Firma Heimbs sponserte den leckeren Kaffee. Die G\u00e4ste liessen es sich bei gutem Essen und Getr\u00e4nken, sowie lockeren Gespr\u00e4chen sichtlich gutgehen. Nur das Fussballspiel Deutschlands gegen die Spanier, das auf mehreren Bildschirmen und einer Leinwand pr\u00e4sentiert wurde, tr\u00fcbte die Stimmung etwas, weil Deutschland das Spiel verlor.<\/p>\n<p><strong><a href=\"http:\/\/www.tbf-presseagentur.de\/cgi-bin\/thumbpage\/thumbpage.cgi?luebeck\/today\/07Juli10\/bilder\/KreiHa-Sommerfest\" target=\"_blank\"><strong>&#8222;Zum  Bilderbogen&#8220;<\/strong><\/a><\/strong><\/p>\n","protected":false},"excerpt":{"rendered":"<p>Auch in diesem Jahr feierte die Kreishandwerkerschaft auf ihrem Rasengrund in der Gustav-Adolf-Strasse z\u00fcnftig ihr 2. Sommerfest und 250 G\u00e4ste<\/p>\n","protected":false},"author":3,"featured_media":0,"comment_status":"open","ping_status":"open","sticky":false,"template":"","format":"standard","meta":{"colormag_page_container_layout":"default_layout","colormag_page_sidebar_layout":"default_layout","footnotes":""},"categories":[13],"tags":[],"class_list":["post-18289","post","type-post","status-publish","format-standard","hentry","category-veranstaltungen"],"_links":{"self":[{"href":"https:\/\/hier-luebeck.de\/index.php\/wp-json\/wp\/v2\/posts\/18289","targetHints":{"allow":["GET"]}}],"collection":[{"href":"https:\/\/hier-luebeck.de\/index.php\/wp-json\/wp\/v2\/posts"}],"about":[{"href":"https:\/\/hier-luebeck.de\/index.php\/wp-json\/wp\/v2\/types\/post"}],"author":[{"embeddable":true,"href":"https:\/\/hier-luebeck.de\/index.php\/wp-json\/wp\/v2\/users\/3"}],"replies":[{"embeddable":true,"href":"https:\/\/hier-luebeck.de\/index.php\/wp-json\/wp\/v2\/comments?post=18289"}],"version-history":[{"count":0,"href":"https:\/\/hier-luebeck.de\/index.php\/wp-json\/wp\/v2\/posts\/18289\/revisions"}],"wp:attachment":[{"href":"https:\/\/hier-luebeck.de\/index.php\/wp-json\/wp\/v2\/media?parent=18289"}],"wp:term":[{"taxonomy":"category","embeddable":true,"href":"https:\/\/hier-luebeck.de\/index.php\/wp-json\/wp\/v2\/categories?post=18289"},{"taxonomy":"post_tag","embeddable":true,"href":"https:\/\/hier-luebeck.de\/index.php\/wp-json\/wp\/v2\/tags?post=18289"}],"curies":[{"name":"wp","href":"https:\/\/api.w.org\/{rel}","templated":true}]}}