{"id":184532,"date":"2015-08-14T11:32:44","date_gmt":"2015-08-14T11:32:44","guid":{"rendered":"http:\/\/www.hier-luebeck.de\/index.php\/pol-hl-hl_innenstadt-fahrradunfall-mit-ueber-drei-promille-in-der-holstenstrasse\/"},"modified":"2015-08-14T11:32:44","modified_gmt":"2015-08-14T11:32:44","slug":"pol-hl-hl_innenstadt-fahrradunfall-mit-ueber-drei-promille-in-der-holstenstrasse","status":"publish","type":"post","link":"https:\/\/hier-luebeck.de\/index.php\/pol-hl-hl_innenstadt-fahrradunfall-mit-ueber-drei-promille-in-der-holstenstrasse\/","title":{"rendered":"POL-HL: HL_Innenstadt   \/\n\nFahrradunfall mit \u00fcber drei Promille in der Holstenstra\u00dfe"},"content":{"rendered":"<p>L\u00fcbeck (ots) &#8211; Am Donnerstagnachmittag (13.08.2015) ereignete sich in der Holstenstra\u00dfe in L\u00fcbeck ein Verkehrsunfall unter Beteiligung  zweier Radfahrer, bei dem eine Person vermutlich leicht verletzt  wurde.     Gegen 17.20 Uhr befuhr ein 42-j\u00e4hriger Mann mit seinem Fahrrad die Holstenstra\u00dfe vom Kohlmarkt kommend in Richtung Holstentor.<!--more--> Vor dem  Kreuzungsbereich Holstentra\u00dfe\/ Ecke An der Untertrave hielt zu dieser Zeit eine Gruppe von Fahrradfahrern aufgrund der rot anzeigenden  Ampel. Nach bisherigen Erkenntnissen fuhr der L\u00fcbecker mit einer Dose Bier in der Hand auf die wartende Gruppe Radfahrer zu, konnte nicht  mehr rechtzeitig bremsen und kollidierte daraufhin mit einer  weiblichen Radlerin. Diese wurde nach Zeugenhinweisen an der Wade  leicht verletzt. Der 42-j\u00e4hrige L\u00fcbecker entfernte sich anschlie\u00dfend  vom Unfallort, ohne sich nach dem Gesundheitszustand der verletzten  Radfahrerin zu erkundigen. Im Rahmen der Fahndung konnte er kurz  darauf von Beamten des 1. Polizeireviers im Bereich des Holstentors  angetroffen werden. Die Polizisten stellten bei ihm starken  Alkoholgeruch fest. Ein daraufhin durchgef\u00fchrter Atemalkoholtest  ergab einen vorl\u00e4ufigen Wert von 3,08 Promille. Im weiteren Verlauf  wurde dem Mann auf richterliche Anordnung hin eine Blutprobe  entnommen. Gegen ihn wird unter anderem wegen des Verdachts der  Gef\u00e4hrdung des Stra\u00dfenverkehrs und Verkehrsunfallflucht ermittelt.     Die Polizei sucht in diesem Zusammenhang die gesch\u00e4digte  Radfahrerin. Sie wartete nicht bis zum Eintreffen der Polizei am  Unfallort. Eine n\u00e4here Beschreibung liegt derzeit nicht vor.  Sachdienliche Hinweise werden vom Ermittlungsdienst des 1.  Polizeireviers L\u00fcbeck unter der Telefonnummer 0451\/ 131 6145 entgegen genommen.     R\u00fcckfragen bitte an:  Ulli Fritz Gerlach &#8211; Pressesprecher &#8211;  Polizeidirektion L\u00fcbeck Pressestelle Telefon: 0451-131-2015 Fax: 0451-131-2019 E-Mail: pressestelle.luebeck.pd@polizei.landsh.de<\/p>\n<p>Quelle: <a href=\"http:\/\/www.presseportal.de\/blaulicht\/pm\/43738\/3097180\" target=\"_blank\">presseportal.de<\/a><\/p>\n","protected":false},"excerpt":{"rendered":"<p>L\u00fcbeck (ots) &#8211; Am Donnerstagnachmittag (13.08.2015) ereignete sich in der Holstenstra\u00dfe in L\u00fcbeck ein Verkehrsunfall unter Beteiligung zweier Radfahrer, bei<\/p>\n","protected":false},"author":3,"featured_media":0,"comment_status":"open","ping_status":"open","sticky":false,"template":"","format":"standard","meta":{"colormag_page_container_layout":"default_layout","colormag_page_sidebar_layout":"default_layout","footnotes":""},"categories":[20],"tags":[],"class_list":["post-184532","post","type-post","status-publish","format-standard","hentry","category-besondere-neuigkeiten"],"_links":{"self":[{"href":"https:\/\/hier-luebeck.de\/index.php\/wp-json\/wp\/v2\/posts\/184532","targetHints":{"allow":["GET"]}}],"collection":[{"href":"https:\/\/hier-luebeck.de\/index.php\/wp-json\/wp\/v2\/posts"}],"about":[{"href":"https:\/\/hier-luebeck.de\/index.php\/wp-json\/wp\/v2\/types\/post"}],"author":[{"embeddable":true,"href":"https:\/\/hier-luebeck.de\/index.php\/wp-json\/wp\/v2\/users\/3"}],"replies":[{"embeddable":true,"href":"https:\/\/hier-luebeck.de\/index.php\/wp-json\/wp\/v2\/comments?post=184532"}],"version-history":[{"count":0,"href":"https:\/\/hier-luebeck.de\/index.php\/wp-json\/wp\/v2\/posts\/184532\/revisions"}],"wp:attachment":[{"href":"https:\/\/hier-luebeck.de\/index.php\/wp-json\/wp\/v2\/media?parent=184532"}],"wp:term":[{"taxonomy":"category","embeddable":true,"href":"https:\/\/hier-luebeck.de\/index.php\/wp-json\/wp\/v2\/categories?post=184532"},{"taxonomy":"post_tag","embeddable":true,"href":"https:\/\/hier-luebeck.de\/index.php\/wp-json\/wp\/v2\/tags?post=184532"}],"curies":[{"name":"wp","href":"https:\/\/api.w.org\/{rel}","templated":true}]}}