{"id":184535,"date":"2015-08-14T13:47:04","date_gmt":"2015-08-14T13:47:04","guid":{"rendered":"http:\/\/www.hier-luebeck.de\/?p=184535"},"modified":"2015-08-14T13:47:04","modified_gmt":"2015-08-14T13:47:04","slug":"pol-se-rellingen-betrunkener-motorradfahrer-stuerzt-und-muss-ins-krankenhaus","status":"publish","type":"post","link":"https:\/\/hier-luebeck.de\/index.php\/pol-se-rellingen-betrunkener-motorradfahrer-stuerzt-und-muss-ins-krankenhaus\/","title":{"rendered":"POL-SE: Rellingen &#8211; Betrunkener Motorradfahrer st\u00fcrzt und muss ins Krankenhaus"},"content":{"rendered":"<p>Rellingen (ots) &#8211; Heute Nacht ist es im Kreuzungsbereich Altonaer  Stra\u00dfe \/ M\u00f6wenstra\u00dfe zu einem Verkehrsunfall gekommen, bei dem sich  ein Motorradfahrer verletzt hat.     Gegen 1.50 Uhr befuhr ein 22-J\u00e4hriger mit seiner Kawasaki die  Altonaer Stra\u00dfe in Fahrtrichtung Hamburg.<!--more--> Im Bereich einer  Rechtskurve verlor der Hamburger die Kontrolle \u00fcber das Kraftrad und  geriet auf die linksseitig gelegene Bankette.     Der junge Mann st\u00fcrzte, rutschte \u00fcber den Einm\u00fcndungsbereich der  M\u00f6wenstra\u00dfe und stie\u00df gegen einen Kantstein.     Zeugen wurden auf den Unfall aufmerksam und alarmierten die  Polizei.     Rettungskr\u00e4fte versorgten den leicht verletzten Mann und  transportierten ihn mit einem Rettungswagen in ein Hamburger  Krankenhaus.     Dort erreichte der 22-J\u00e4hrige im Rahmen einer  Atemalkohol\u00fcberpr\u00fcfung einen Wert von 2,14 Promille. Infolgedessen  entnahm ein Arzt eine Blutprobe bei dem jungen Mann und die  Polizeibeamten beschlagnahmten den F\u00fchrerschein.     An dem Motorrad entstand ein Sachschaden in H\u00f6he von ca. 3.000  Euro. Die Maschine musste abgeschleppt werden.     Polizeidirektion Bad Segeberg &#8211; Pressestelle &#8211; Dorfstr. 16-18 23795 Bad Segeberg  Nico M\u00f6ller Telefon: 04551-884-2022 Handy: 0160-3619378 E-Mail: Nico.Moeller@polizei.landsh.de<\/p>\n<p>Quelle: <a href=\"http:\/\/www.presseportal.de\/blaulicht\/pm\/19027\/3097484\" target=\"_blank\">presseportal.de<\/a><\/p>\n","protected":false},"excerpt":{"rendered":"<p>Rellingen (ots) &#8211; Heute Nacht ist es im Kreuzungsbereich Altonaer Stra\u00dfe \/ M\u00f6wenstra\u00dfe zu einem Verkehrsunfall gekommen, bei dem sich<\/p>\n","protected":false},"author":3,"featured_media":0,"comment_status":"open","ping_status":"open","sticky":false,"template":"","format":"standard","meta":{"colormag_page_container_layout":"default_layout","colormag_page_sidebar_layout":"default_layout","footnotes":""},"categories":[20],"tags":[],"class_list":["post-184535","post","type-post","status-publish","format-standard","hentry","category-besondere-neuigkeiten"],"_links":{"self":[{"href":"https:\/\/hier-luebeck.de\/index.php\/wp-json\/wp\/v2\/posts\/184535","targetHints":{"allow":["GET"]}}],"collection":[{"href":"https:\/\/hier-luebeck.de\/index.php\/wp-json\/wp\/v2\/posts"}],"about":[{"href":"https:\/\/hier-luebeck.de\/index.php\/wp-json\/wp\/v2\/types\/post"}],"author":[{"embeddable":true,"href":"https:\/\/hier-luebeck.de\/index.php\/wp-json\/wp\/v2\/users\/3"}],"replies":[{"embeddable":true,"href":"https:\/\/hier-luebeck.de\/index.php\/wp-json\/wp\/v2\/comments?post=184535"}],"version-history":[{"count":0,"href":"https:\/\/hier-luebeck.de\/index.php\/wp-json\/wp\/v2\/posts\/184535\/revisions"}],"wp:attachment":[{"href":"https:\/\/hier-luebeck.de\/index.php\/wp-json\/wp\/v2\/media?parent=184535"}],"wp:term":[{"taxonomy":"category","embeddable":true,"href":"https:\/\/hier-luebeck.de\/index.php\/wp-json\/wp\/v2\/categories?post=184535"},{"taxonomy":"post_tag","embeddable":true,"href":"https:\/\/hier-luebeck.de\/index.php\/wp-json\/wp\/v2\/tags?post=184535"}],"curies":[{"name":"wp","href":"https:\/\/api.w.org\/{rel}","templated":true}]}}