{"id":184562,"date":"2015-08-14T17:06:48","date_gmt":"2015-08-14T15:06:48","guid":{"rendered":"http:\/\/www.hier-luebeck.de\/?p=184562"},"modified":"2015-08-14T17:06:48","modified_gmt":"2015-08-14T15:06:48","slug":"frauenbuero-luebeck-sozial-und-erziehungsberufe-jetzt-aufwerten","status":"publish","type":"post","link":"https:\/\/hier-luebeck.de\/index.php\/frauenbuero-luebeck-sozial-und-erziehungsberufe-jetzt-aufwerten\/","title":{"rendered":"Frauenb\u00fcro L\u00fcbeck: Sozial- und Erziehungsberufe jetzt aufwerten!"},"content":{"rendered":"<p>ErzieherInnen, SozialarbeiterInnen und KinderpflegerInnen haben sich mit rund 70% deutlich gegen den Schlichterspruch in den Verhandlungen um die Sozial- und Erziehungsdienste ausgesprochen. Sie wollen nicht l\u00e4nger hinnehmen, dass ihre Arbeit nicht gen\u00fcgend inhaltliche und finanzielle Wertsch\u00e4tzung erf\u00e4hrt.<!--more--><\/p>\n<p>&#8222;Die von den Besch\u00e4ftigten, gleichstellungspolitisch Engagierten sowie den Frauenb\u00fcros bundesweit seit langem geforderte deutliche Aufwertung der Sozial- und Erziehungsberufe, den klassischen Frauenberufen, bildet sich im Schlichterspruch nicht ab,&#8220; so Petra Schmittner, Mitarbeiterin im L\u00fcbecker Frauenb\u00fcro. Das Ergebnis sei mehr als entt\u00e4uschend und ein Schlag ins Gesicht der KollegInnen, so auch die Bundesarbeitsgemeinschaft der kommunalen Frauenb\u00fcros (BAG).<\/p>\n<p>&#8222;Den Leistungen, zunehmenden Anforderungen und der gro\u00dfen Verantwortung der MitarbeiterInnen in diesen Berufen entspricht das Angebot nicht,&#8220; so Schmittner weiter. &#8222;Schon jetzt haben viele Kommunen Probleme, \u00fcberhaupt noch qualifiziertes Personal f\u00fcr die Sozial- und Erziehungsberufe zu finden. Diese Situation wird sich versch\u00e4rfen, wenn die Bezahlung nicht angemessen steigt. Die Aufwertung der Frauenberufe ist seit Jahrzehnten \u00fcberf\u00e4llig&#8220;, so Schmittner.<\/p>\n<p>Deshalb fordert das L\u00fcbecker Frauenb\u00fcro gemeinsam mit der Bundesarbeitsgemeinschaft der kommunalen Frauen- und Gleichstellungsbeauftragten:<\/p>\n<p>&#8211; Schluss mit der Unterbezahlung der sozialen Berufen<br \/>\n&#8211; Aufwertung der sozialen Berufe<br \/>\n&#8211; Kompromissbereitschaft seitens der Arbeitgeber<\/p>\n","protected":false},"excerpt":{"rendered":"<p>ErzieherInnen, SozialarbeiterInnen und KinderpflegerInnen haben sich mit rund 70% deutlich gegen den Schlichterspruch in den Verhandlungen um die Sozial- und<\/p>\n","protected":false},"author":3,"featured_media":0,"comment_status":"open","ping_status":"open","sticky":false,"template":"","format":"standard","meta":{"colormag_page_container_layout":"default_layout","colormag_page_sidebar_layout":"default_layout","footnotes":""},"categories":[5],"tags":[17125],"class_list":["post-184562","post","type-post","status-publish","format-standard","hentry","category-politik-wirtschaft","tag-frauenbuero-luebeck-sozial-und-erziehungsberufe-jetzt-aufwerten"],"_links":{"self":[{"href":"https:\/\/hier-luebeck.de\/index.php\/wp-json\/wp\/v2\/posts\/184562","targetHints":{"allow":["GET"]}}],"collection":[{"href":"https:\/\/hier-luebeck.de\/index.php\/wp-json\/wp\/v2\/posts"}],"about":[{"href":"https:\/\/hier-luebeck.de\/index.php\/wp-json\/wp\/v2\/types\/post"}],"author":[{"embeddable":true,"href":"https:\/\/hier-luebeck.de\/index.php\/wp-json\/wp\/v2\/users\/3"}],"replies":[{"embeddable":true,"href":"https:\/\/hier-luebeck.de\/index.php\/wp-json\/wp\/v2\/comments?post=184562"}],"version-history":[{"count":1,"href":"https:\/\/hier-luebeck.de\/index.php\/wp-json\/wp\/v2\/posts\/184562\/revisions"}],"predecessor-version":[{"id":184563,"href":"https:\/\/hier-luebeck.de\/index.php\/wp-json\/wp\/v2\/posts\/184562\/revisions\/184563"}],"wp:attachment":[{"href":"https:\/\/hier-luebeck.de\/index.php\/wp-json\/wp\/v2\/media?parent=184562"}],"wp:term":[{"taxonomy":"category","embeddable":true,"href":"https:\/\/hier-luebeck.de\/index.php\/wp-json\/wp\/v2\/categories?post=184562"},{"taxonomy":"post_tag","embeddable":true,"href":"https:\/\/hier-luebeck.de\/index.php\/wp-json\/wp\/v2\/tags?post=184562"}],"curies":[{"name":"wp","href":"https:\/\/api.w.org\/{rel}","templated":true}]}}