{"id":184706,"date":"2015-08-16T12:12:32","date_gmt":"2015-08-16T12:12:32","guid":{"rendered":"http:\/\/www.hier-luebeck.de\/?p=184706"},"modified":"2015-08-16T12:12:32","modified_gmt":"2015-08-16T12:12:32","slug":"pol-se-willingrade-kreisstrasse-114-zwei-verletzte-nach-verkehrsunfall","status":"publish","type":"post","link":"https:\/\/hier-luebeck.de\/index.php\/pol-se-willingrade-kreisstrasse-114-zwei-verletzte-nach-verkehrsunfall\/","title":{"rendered":"POL-SE: Willingrade, Kreisstra\u00dfe 114   \/\nZwei Verletzte nach Verkehrsunfall"},"content":{"rendered":"<p>Bad Segeberg (ots) &#8211; Am Samstag, den 15.08.15, kam es bei  Willingrade zu einem Verkehrsunfall bei dem zwei Personen verletzt  wurden. Ein 66-J\u00e4hriger aus dem n\u00e4heren Umfeld befuhr mit seinem  E-Bike die Kreisstra\u00dfe 114 von Willingrade in Richtung Klein  Kummerfeld. Gegen 11.20 Uhr wollte er nach links in einen Feldweg  abbiegen. Er gab Handzeichen nach links und bog danach sofort ab.<!--more-->  Hierdurch kam es auf der linken Stra\u00dfenseite zu einem Zusammensto\u00df  mit einem Mercedes Gel\u00e4ndewagen. Dieser wurde durch eine 59-J\u00e4hrige  aus B\u00f6rgerende in gleiche Richtung gefahren. Sie hatte zeitgleich  gerade zum \u00dcberholen des Radfahrers angesetzt. Der Radfahrer wurde  bei dem Verkehrsunfall schwer verletzt; die Autofahrerin leicht.  Beide wurden mit einem Rettungswagen in ein Krankenhaus gebracht. Der Sachschaden liegt bei 3200 Euro.     Polizeidirektion Bad Segeberg &#8211; Pressestelle &#8211; Dorfstr. 16-18 23795 Bad Segeberg  Silke Westphal Telefon: 04551 884 &#8211; 0 E-Mail: silke.westphal@polizei.landsh.de<\/p>\n<p>Quelle: <a href=\"http:\/\/www.presseportal.de\/blaulicht\/pm\/19027\/3098173\" target=\"_blank\">presseportal.de<\/a><\/p>\n","protected":false},"excerpt":{"rendered":"<p>Bad Segeberg (ots) &#8211; Am Samstag, den 15.08.15, kam es bei Willingrade zu einem Verkehrsunfall bei dem zwei Personen verletzt<\/p>\n","protected":false},"author":3,"featured_media":0,"comment_status":"open","ping_status":"open","sticky":false,"template":"","format":"standard","meta":{"colormag_page_container_layout":"default_layout","colormag_page_sidebar_layout":"default_layout","footnotes":""},"categories":[20],"tags":[],"class_list":["post-184706","post","type-post","status-publish","format-standard","hentry","category-besondere-neuigkeiten"],"_links":{"self":[{"href":"https:\/\/hier-luebeck.de\/index.php\/wp-json\/wp\/v2\/posts\/184706","targetHints":{"allow":["GET"]}}],"collection":[{"href":"https:\/\/hier-luebeck.de\/index.php\/wp-json\/wp\/v2\/posts"}],"about":[{"href":"https:\/\/hier-luebeck.de\/index.php\/wp-json\/wp\/v2\/types\/post"}],"author":[{"embeddable":true,"href":"https:\/\/hier-luebeck.de\/index.php\/wp-json\/wp\/v2\/users\/3"}],"replies":[{"embeddable":true,"href":"https:\/\/hier-luebeck.de\/index.php\/wp-json\/wp\/v2\/comments?post=184706"}],"version-history":[{"count":0,"href":"https:\/\/hier-luebeck.de\/index.php\/wp-json\/wp\/v2\/posts\/184706\/revisions"}],"wp:attachment":[{"href":"https:\/\/hier-luebeck.de\/index.php\/wp-json\/wp\/v2\/media?parent=184706"}],"wp:term":[{"taxonomy":"category","embeddable":true,"href":"https:\/\/hier-luebeck.de\/index.php\/wp-json\/wp\/v2\/categories?post=184706"},{"taxonomy":"post_tag","embeddable":true,"href":"https:\/\/hier-luebeck.de\/index.php\/wp-json\/wp\/v2\/tags?post=184706"}],"curies":[{"name":"wp","href":"https:\/\/api.w.org\/{rel}","templated":true}]}}