{"id":184707,"date":"2015-08-16T14:30:03","date_gmt":"2015-08-16T12:30:03","guid":{"rendered":"http:\/\/www.hier-luebeck.de\/?p=184707"},"modified":"2015-08-16T14:49:20","modified_gmt":"2015-08-16T12:49:20","slug":"feuer-im-cafe-affenbrot","status":"publish","type":"post","link":"https:\/\/hier-luebeck.de\/index.php\/feuer-im-cafe-affenbrot\/","title":{"rendered":"Feuer im Caf\u00e9 Affenbrot"},"content":{"rendered":"<h5><strong>Text: Oliver Dierberg<\/strong> &#8211; Gl\u00fcck im Ungl\u00fcck &#8211; Die Feuerwehrleitstelle wurde um 19:59 Uhr \u00fcber einen brennenden Ofen in der K\u00fcche des Caf\u00e9s Affenbrot alarmiert. Als die 1. Kr\u00e4fte am Einsatzort eingetroffen sind konnte schnell Entwarnung gegeben werden.<!--more-->Der brennende Ofen wurde noch vor dem Eintreffen ins Freie getragen.\u00a0 Die Freiwillige Feuerwehr Innenstadt konnte den Einsatz noch auf der Anfahrt abbrechen.<\/h5>\n<div>Die Kr\u00e4fte der Feuerwachen 1 und 2 bel\u00fcfteten das Untergeschoss und r\u00fcckten 20:18Uhr wieder einsatzbereit ein. Wie hoch der Sachschaden ist, ist nicht bekannt. Personen kamen nicht zu Schaden.<\/div>\n","protected":false},"excerpt":{"rendered":"<p>Text: Oliver Dierberg &#8211; Gl\u00fcck im Ungl\u00fcck &#8211; Die Feuerwehrleitstelle wurde um 19:59 Uhr \u00fcber einen brennenden Ofen in der<\/p>\n","protected":false},"author":3,"featured_media":0,"comment_status":"open","ping_status":"open","sticky":false,"template":"","format":"standard","meta":{"colormag_page_container_layout":"default_layout","colormag_page_sidebar_layout":"default_layout","footnotes":""},"categories":[20],"tags":[17126],"class_list":["post-184707","post","type-post","status-publish","format-standard","hentry","category-besondere-neuigkeiten","tag-feuer-im-cafe-affenbrot"],"_links":{"self":[{"href":"https:\/\/hier-luebeck.de\/index.php\/wp-json\/wp\/v2\/posts\/184707","targetHints":{"allow":["GET"]}}],"collection":[{"href":"https:\/\/hier-luebeck.de\/index.php\/wp-json\/wp\/v2\/posts"}],"about":[{"href":"https:\/\/hier-luebeck.de\/index.php\/wp-json\/wp\/v2\/types\/post"}],"author":[{"embeddable":true,"href":"https:\/\/hier-luebeck.de\/index.php\/wp-json\/wp\/v2\/users\/3"}],"replies":[{"embeddable":true,"href":"https:\/\/hier-luebeck.de\/index.php\/wp-json\/wp\/v2\/comments?post=184707"}],"version-history":[{"count":3,"href":"https:\/\/hier-luebeck.de\/index.php\/wp-json\/wp\/v2\/posts\/184707\/revisions"}],"predecessor-version":[{"id":184711,"href":"https:\/\/hier-luebeck.de\/index.php\/wp-json\/wp\/v2\/posts\/184707\/revisions\/184711"}],"wp:attachment":[{"href":"https:\/\/hier-luebeck.de\/index.php\/wp-json\/wp\/v2\/media?parent=184707"}],"wp:term":[{"taxonomy":"category","embeddable":true,"href":"https:\/\/hier-luebeck.de\/index.php\/wp-json\/wp\/v2\/categories?post=184707"},{"taxonomy":"post_tag","embeddable":true,"href":"https:\/\/hier-luebeck.de\/index.php\/wp-json\/wp\/v2\/tags?post=184707"}],"curies":[{"name":"wp","href":"https:\/\/api.w.org\/{rel}","templated":true}]}}