{"id":184793,"date":"2015-08-17T13:17:22","date_gmt":"2015-08-17T13:17:22","guid":{"rendered":"http:\/\/www.hier-luebeck.de\/?p=184793"},"modified":"2015-08-17T13:17:22","modified_gmt":"2015-08-17T13:17:22","slug":"pol-se-polizeibeamte-beobachten-24-jaehrigen-bei-diebstahl-festnahme","status":"publish","type":"post","link":"https:\/\/hier-luebeck.de\/index.php\/pol-se-polizeibeamte-beobachten-24-jaehrigen-bei-diebstahl-festnahme\/","title":{"rendered":"POL-SE: Polizeibeamte beobachten 24-J\u00e4hrigen bei Diebstahl &#8211; Festnahme"},"content":{"rendered":"<p>Elmshorn (ots) &#8211; Elmshorn, K\u00f6nigstra\u00dfe &#8211; Am vergangenen Freitag  (14.08.2015) ist in der Innenstadt ein polizeibekannter junger Mann  nach zweifachem Diebstahl festgenommen worden.     Der 24-J\u00e4hrige suchte am Nachmittag eine Optiker-Filiale in der  K\u00f6nigstra\u00dfe auf, sah sich mehrfach um, entwendete eine Sonnenbrille  aus einem Ausstellungsst\u00e4nder und eilte davon.<!--more-->     Nur kurze Zeit sp\u00e4ter lie\u00df er erneut eine Sonnenbrille in den  Taschen seines Sweatshirts verschwinden und entfernte sich schnellen  Schrittes in Richtung Holstenstra\u00dfe.     Zwei Polizeibeamte hatten die Diebst\u00e4hle beobachtet, folgten dem  aufgrund bereits mehrfacher Ladendiebst\u00e4hle bekanntem Mann und nahmen ihn fest.     Aufgrund einer Vielzahl begangener Straftaten seit seiner  Haftentlassung im Juni dieses Jahres wurde der Polizeibekannte am  Samstagmorgen auf Antrag der Staatsanwaltschaft Itzehoe beim  Amtsgericht Elmshorn vorgef\u00fchrt.     Eine Richterin erlie\u00df gegen den 24-J\u00e4hrigen einen Haftbefehl, so  dass er gegen Mittag zur Untersuchungshaft in die  Justizvollzugsanstalt nach Itzehoe gebracht wurde.     Polizeidirektion Bad Segeberg &#8211; Pressestelle &#8211; Dorfstr. 16-18 23795 Bad Segeberg  Nico M\u00f6ller Telefon: 04551-884-2022 Handy: 0160-3619378 E-Mail: Nico.Moeller@polizei.landsh.de<\/p>\n<p>Quelle: <a href=\"http:\/\/www.presseportal.de\/blaulicht\/pm\/19027\/3098972\" target=\"_blank\">presseportal.de<\/a><\/p>\n","protected":false},"excerpt":{"rendered":"<p>Elmshorn (ots) &#8211; Elmshorn, K\u00f6nigstra\u00dfe &#8211; Am vergangenen Freitag (14.08.2015) ist in der Innenstadt ein polizeibekannter junger Mann nach zweifachem<\/p>\n","protected":false},"author":3,"featured_media":0,"comment_status":"open","ping_status":"open","sticky":false,"template":"","format":"standard","meta":{"colormag_page_container_layout":"default_layout","colormag_page_sidebar_layout":"default_layout","footnotes":""},"categories":[20],"tags":[],"class_list":["post-184793","post","type-post","status-publish","format-standard","hentry","category-besondere-neuigkeiten"],"_links":{"self":[{"href":"https:\/\/hier-luebeck.de\/index.php\/wp-json\/wp\/v2\/posts\/184793","targetHints":{"allow":["GET"]}}],"collection":[{"href":"https:\/\/hier-luebeck.de\/index.php\/wp-json\/wp\/v2\/posts"}],"about":[{"href":"https:\/\/hier-luebeck.de\/index.php\/wp-json\/wp\/v2\/types\/post"}],"author":[{"embeddable":true,"href":"https:\/\/hier-luebeck.de\/index.php\/wp-json\/wp\/v2\/users\/3"}],"replies":[{"embeddable":true,"href":"https:\/\/hier-luebeck.de\/index.php\/wp-json\/wp\/v2\/comments?post=184793"}],"version-history":[{"count":0,"href":"https:\/\/hier-luebeck.de\/index.php\/wp-json\/wp\/v2\/posts\/184793\/revisions"}],"wp:attachment":[{"href":"https:\/\/hier-luebeck.de\/index.php\/wp-json\/wp\/v2\/media?parent=184793"}],"wp:term":[{"taxonomy":"category","embeddable":true,"href":"https:\/\/hier-luebeck.de\/index.php\/wp-json\/wp\/v2\/categories?post=184793"},{"taxonomy":"post_tag","embeddable":true,"href":"https:\/\/hier-luebeck.de\/index.php\/wp-json\/wp\/v2\/tags?post=184793"}],"curies":[{"name":"wp","href":"https:\/\/api.w.org\/{rel}","templated":true}]}}