{"id":184817,"date":"2015-08-17T14:52:40","date_gmt":"2015-08-17T14:52:40","guid":{"rendered":"http:\/\/www.hier-luebeck.de\/index.php\/pol-rz-16-08-2015-sonntagbundesautobahn-1-hoehe-lasbek-autofahrer-prallte-in-mittelschutzplanke\/"},"modified":"2015-08-17T14:52:40","modified_gmt":"2015-08-17T14:52:40","slug":"pol-rz-16-08-2015-sonntagbundesautobahn-1-hoehe-lasbek-autofahrer-prallte-in-mittelschutzplanke","status":"publish","type":"post","link":"https:\/\/hier-luebeck.de\/index.php\/pol-rz-16-08-2015-sonntagbundesautobahn-1-hoehe-lasbek-autofahrer-prallte-in-mittelschutzplanke\/","title":{"rendered":"POL-RZ: 16.08.2015, Sonntag\nBundesautobahn 1 (H\u00f6he Lasbek)- Autofahrer prallte in Mittelschutzplanke"},"content":{"rendered":"<p>Ratzeburg (ots) &#8211; Ein Autofahrer verlor die Kontrolle \u00fcber seinen  Wagen und prallte auf der BAB 1 in Richtung Hamburg in die  Mittelschutzplanke. Der 71- j\u00e4hrige Fahrer aus Visselh\u00f6vede  (Niedersachsen) fuhr gegen 10.20 Uhr mit seinem VW Multivan auf dem  rechten Fahrstreifen von L\u00fcbeck aus in Richtung Hamburg. Hinter ihm  fuhr ein 48- j\u00e4hriger Mann aus Braunatal (Hessen) mit seinem Wagen.<!--more-->  Etwa f\u00fcnf Kilometer vor dem Autobahnrastplatz Buddikate wollte der  48- j\u00e4hrige den 71- j\u00e4hrigen \u00fcberholen. Pl\u00f6tzlich zog der 71- j\u00e4hrige mit dem VW nach links hin\u00fcber. Der 48- j\u00e4hrige musste abbremsen. Der  VW geriet immer weiter nach links hin\u00fcber, verlor immer mehr an  Geschwindigkeit und kollidierte letztlich mit der Mittelschutzplanke. Anschlie\u00dfend zog der 71- j\u00e4hrige mit seinem Wagen wieder auf den  rechten Fahrtstreifen hin\u00fcber und setzte seine Fahrt fort. Der 48-  j\u00e4hrige blieb gl\u00fccklicherweise unverletzt und konnte einen  Zusammensto\u00df mit dem VW verhindern. Der 71- j\u00e4hrige fuhr dann auf den Parkplatz Buddikate. Dort entdeckten ihn wenig sp\u00e4ter die Beamten des Autobahnreviers. Bei der Kontrolle machte der 71- j\u00e4hrige einen  leicht apathischen Eindruck, seine Motorik war insgesamt stark  eingeschr\u00e4nkt und er konnte sich nur sehr langsam bewegen. Das  Aussteigen aus dem Wagen fiel ihm sichtlich schwer. Er r\u00e4umte ein,  diverse Medikamente aufgrund von Erkrankungen (u.a. Asthma) nehmen zu m\u00fcssen. Au\u00dferdem habe er zu wenig geschlafen. Ein freiwilliger  Atemalkoholtest verlief negativ. Ein Richter ordnete die Entnahme  einer Blutprobe an. Die Beamten beschlagnahmten den F\u00fchrerschein des  71- j\u00e4hrigen. Der Sachschaden wird auf ca. 1000 Euro gesch\u00e4tzt.     Sonja Kurz Pressestelle     R\u00fcckfragen bitte an:  Polizeidirektion Ratzeburg PD Ratzeburg, Pressestelle Sonja Kurz Telefon: 04541-809 2010<\/p>\n<p>Quelle: <a href=\"http:\/\/www.presseportal.de\/blaulicht\/pm\/43735\/3099157\" target=\"_blank\">presseportal.de<\/a><\/p>\n","protected":false},"excerpt":{"rendered":"<p>Ratzeburg (ots) &#8211; Ein Autofahrer verlor die Kontrolle \u00fcber seinen Wagen und prallte auf der BAB 1 in Richtung Hamburg<\/p>\n","protected":false},"author":3,"featured_media":0,"comment_status":"open","ping_status":"open","sticky":false,"template":"","format":"standard","meta":{"colormag_page_container_layout":"default_layout","colormag_page_sidebar_layout":"default_layout","footnotes":""},"categories":[20],"tags":[],"class_list":["post-184817","post","type-post","status-publish","format-standard","hentry","category-besondere-neuigkeiten"],"_links":{"self":[{"href":"https:\/\/hier-luebeck.de\/index.php\/wp-json\/wp\/v2\/posts\/184817","targetHints":{"allow":["GET"]}}],"collection":[{"href":"https:\/\/hier-luebeck.de\/index.php\/wp-json\/wp\/v2\/posts"}],"about":[{"href":"https:\/\/hier-luebeck.de\/index.php\/wp-json\/wp\/v2\/types\/post"}],"author":[{"embeddable":true,"href":"https:\/\/hier-luebeck.de\/index.php\/wp-json\/wp\/v2\/users\/3"}],"replies":[{"embeddable":true,"href":"https:\/\/hier-luebeck.de\/index.php\/wp-json\/wp\/v2\/comments?post=184817"}],"version-history":[{"count":0,"href":"https:\/\/hier-luebeck.de\/index.php\/wp-json\/wp\/v2\/posts\/184817\/revisions"}],"wp:attachment":[{"href":"https:\/\/hier-luebeck.de\/index.php\/wp-json\/wp\/v2\/media?parent=184817"}],"wp:term":[{"taxonomy":"category","embeddable":true,"href":"https:\/\/hier-luebeck.de\/index.php\/wp-json\/wp\/v2\/categories?post=184817"},{"taxonomy":"post_tag","embeddable":true,"href":"https:\/\/hier-luebeck.de\/index.php\/wp-json\/wp\/v2\/tags?post=184817"}],"curies":[{"name":"wp","href":"https:\/\/api.w.org\/{rel}","templated":true}]}}