{"id":184818,"date":"2015-08-17T14:49:30","date_gmt":"2015-08-17T14:49:30","guid":{"rendered":"http:\/\/www.hier-luebeck.de\/index.php\/pol-rz-15-08-2015-samstagbundesautobahn-1-hoehe-siek-familie-ueberschlug-sich-mit-wagen\/"},"modified":"2015-08-17T14:49:30","modified_gmt":"2015-08-17T14:49:30","slug":"pol-rz-15-08-2015-samstagbundesautobahn-1-hoehe-siek-familie-ueberschlug-sich-mit-wagen","status":"publish","type":"post","link":"https:\/\/hier-luebeck.de\/index.php\/pol-rz-15-08-2015-samstagbundesautobahn-1-hoehe-siek-familie-ueberschlug-sich-mit-wagen\/","title":{"rendered":"POL-RZ: 15.08.2015, Samstag\nBundesautobahn 1 (H\u00f6he Siek)- Familie \u00fcberschlug sich mit Wagen"},"content":{"rendered":"<p>Ratzeburg (ots) &#8211; Eine Familie aus Schweden \u00fcberschlug sich mit  ihrem Wagen am fr\u00fchen Samstagmorgen auf dem Weg nach Puttgarden. Ein  60- j\u00e4hriger Mann aus Schweden war zusammen mit seiner 63- j\u00e4hrigen  Frau, seiner 28- j\u00e4hrigen Tochter und seinem 12- j\u00e4hrigen Enkel auf  der BAB 1 in Richtung L\u00fcbeck unterwegs.<!--more--> Nach bisherigem  Ermittlungsstand war der 60- j\u00e4hrige gegen 02.15 Uhr am Steuer seines Peugeot 406 &#8222;kurz eingenickt&#8220;. Er kam nach rechts von der Fahrbahn ab und durchfuhr den Gr\u00fcnstreifen. Er wachte auf und lenkte pl\u00f6tzlich zu stark nach links gegen, so dass er wieder auf die Fahrbahn geriet.  Dort \u00fcberschlug sich der Wagen, kippte auf die linke Fahrzeugseite  und dann letztlich auf das Dach. Der Wagen rutschte so weiter quer  \u00fcber die Fahrbahn in Richtung der Mittelschutzplanke. Der Peugeot  drehte sich wieder und kam wieder auf allen vier R\u00e4dern auf dem  linken Fahrstreifen zum Stehen. Der Wagen war stark deformiert. Der  Familie gelang es dennoch, sich selbst aus dem Wrack zu befreien. Der Fahrer erlitt schwere Kopf- und Gesichtsverletzungen. Sein Enkel trug ein &#8222;Schleudertrauma&#8220; davon (R\u00fcckenschmerzen). Die beiden galten als  schwer verletzt. Eine Lebensgefahr bestand f\u00fcr die beiden zu dem  Zeitpunkt nicht. Die beiden Frauen trugen Prellungen an Armen und  Beinen davon. Sie galten als leicht verletzt. Die Familie musste mit  Rettungswagen ins Krankenhaus gebracht werden. Die Beamten  beschlagnahmten den F\u00fchrerschein des Fahrers und lie\u00dfen den Wagen  abschleppen. Der Sachschaden wird auf ca. 3000 Euro gesch\u00e4tzt. Die  Beamten des Polizei- Autobahn- und Bezirksreviers Bad Oldesloe  sperrten die BAB 1 in Richtung L\u00fcbeck bis ca. 03.20 Uhr voll ab.  Gegen 03.40 Uhr war die Unfallstelle ger\u00e4umt. Zu nennenswerten  Verkehrsbehinderungen kam es w\u00e4hrend dieser Zeit nicht.     Sonja Kurz Pressestelle     R\u00fcckfragen bitte an:  Polizeidirektion Ratzeburg PD Ratzeburg, Pressestelle Sonja Kurz Telefon: 04541-809 2010<\/p>\n<p>Quelle: <a href=\"http:\/\/www.presseportal.de\/blaulicht\/pm\/43735\/3099147\" target=\"_blank\">presseportal.de<\/a><\/p>\n","protected":false},"excerpt":{"rendered":"<p>Ratzeburg (ots) &#8211; Eine Familie aus Schweden \u00fcberschlug sich mit ihrem Wagen am fr\u00fchen Samstagmorgen auf dem Weg nach Puttgarden.<\/p>\n","protected":false},"author":3,"featured_media":0,"comment_status":"open","ping_status":"open","sticky":false,"template":"","format":"standard","meta":{"colormag_page_container_layout":"default_layout","colormag_page_sidebar_layout":"default_layout","footnotes":""},"categories":[20],"tags":[],"class_list":["post-184818","post","type-post","status-publish","format-standard","hentry","category-besondere-neuigkeiten"],"_links":{"self":[{"href":"https:\/\/hier-luebeck.de\/index.php\/wp-json\/wp\/v2\/posts\/184818","targetHints":{"allow":["GET"]}}],"collection":[{"href":"https:\/\/hier-luebeck.de\/index.php\/wp-json\/wp\/v2\/posts"}],"about":[{"href":"https:\/\/hier-luebeck.de\/index.php\/wp-json\/wp\/v2\/types\/post"}],"author":[{"embeddable":true,"href":"https:\/\/hier-luebeck.de\/index.php\/wp-json\/wp\/v2\/users\/3"}],"replies":[{"embeddable":true,"href":"https:\/\/hier-luebeck.de\/index.php\/wp-json\/wp\/v2\/comments?post=184818"}],"version-history":[{"count":0,"href":"https:\/\/hier-luebeck.de\/index.php\/wp-json\/wp\/v2\/posts\/184818\/revisions"}],"wp:attachment":[{"href":"https:\/\/hier-luebeck.de\/index.php\/wp-json\/wp\/v2\/media?parent=184818"}],"wp:term":[{"taxonomy":"category","embeddable":true,"href":"https:\/\/hier-luebeck.de\/index.php\/wp-json\/wp\/v2\/categories?post=184818"},{"taxonomy":"post_tag","embeddable":true,"href":"https:\/\/hier-luebeck.de\/index.php\/wp-json\/wp\/v2\/tags?post=184818"}],"curies":[{"name":"wp","href":"https:\/\/api.w.org\/{rel}","templated":true}]}}