{"id":184823,"date":"2015-08-17T15:49:56","date_gmt":"2015-08-17T15:49:56","guid":{"rendered":"http:\/\/www.hier-luebeck.de\/index.php\/pol-se-elmshorn-probstendamm-zeugenaufruf-nach-versuchtem-handtaschenraub\/"},"modified":"2015-08-17T15:49:56","modified_gmt":"2015-08-17T15:49:56","slug":"pol-se-elmshorn-probstendamm-zeugenaufruf-nach-versuchtem-handtaschenraub","status":"publish","type":"post","link":"https:\/\/hier-luebeck.de\/index.php\/pol-se-elmshorn-probstendamm-zeugenaufruf-nach-versuchtem-handtaschenraub\/","title":{"rendered":"POL-SE: Elmshorn, Probstendamm &#8211; Zeugenaufruf nach versuchtem Handtaschenraub"},"content":{"rendered":"<p>Elmshorn (ots) &#8211; Bereits am vergangenen Dienstag, den 11.8.2015,  ist es am Vormittag zu einem versuchten Raub gekommen. Die  Kriminalpolizei sucht Zeugen.     Eine 44-J\u00e4hrige Elmshornerin begab sich gegen 11 Uhr zu ihrem  Fahrzeug auf dem Parkplatz im Probstendamm. Hier wurde sie von einer  bisher unbekannten weiblichen Person angesprochen und hinterr\u00fccks zu  Boden gesto\u00dfen.<!--more-->     Die T\u00e4terin wirkte sofort gewaltsam auf die Frau ein. Unter  Anwendung von Schl\u00e4gen und Tritten zerrte sie an der Handtasche der  Elmshornerin und versuchte ihr diese zu entrei\u00dfen.     Eine ebenfalls unbekannte m\u00e4nnliche Person, ca. 40 Jahre alt,  wurde zuf\u00e4llig Zeuge des Vorfalls und machte sich durch Zurufe  bemerkbar, woraufhin die T\u00e4terin ohne Beute die Flucht ergriff.     Die 44-J\u00e4hrige erlitt leichte Verletzungen.     Die T\u00e4terin kann wie folgt beschrieben werden:     ca. 35 Jahre alt, kr\u00e4ftige Figur, etwa 170 bis 175cm gro\u00df, lockige schulterlange Haare, dunkelblond, osteurop\u00e4ischer Akzent.     Die Kriminalpolizei hat die Ermittlungen aufgenommen und sucht  nach Zeugen, die sachdienliche Hinweise zu der Tat geben k\u00f6nnen.  Insbesondere die m\u00e4nnliche Person, die der Frau zur Hilfe kam, wird  gebeten, sich zu melden.     Etwaige Beobachtungen und Hinweise bitte unter 04121-8030 an die  Kriminalpolizei Elmshorn.     Polizeidirektion Bad Segeberg &#8211; Pressestelle &#8211; Dorfstr. 16-18 23795 Bad Segeberg  Nico M\u00f6ller Telefon: 04551-884-2022 Handy: 0160-3619378 E-Mail: Nico.Moeller@polizei.landsh.de<\/p>\n<p>Quelle: <a href=\"http:\/\/www.presseportal.de\/blaulicht\/pm\/19027\/3099253\" target=\"_blank\">presseportal.de<\/a><\/p>\n","protected":false},"excerpt":{"rendered":"<p>Elmshorn (ots) &#8211; Bereits am vergangenen Dienstag, den 11.8.2015, ist es am Vormittag zu einem versuchten Raub gekommen. Die Kriminalpolizei<\/p>\n","protected":false},"author":3,"featured_media":0,"comment_status":"open","ping_status":"open","sticky":false,"template":"","format":"standard","meta":{"colormag_page_container_layout":"default_layout","colormag_page_sidebar_layout":"default_layout","footnotes":""},"categories":[20],"tags":[],"class_list":["post-184823","post","type-post","status-publish","format-standard","hentry","category-besondere-neuigkeiten"],"_links":{"self":[{"href":"https:\/\/hier-luebeck.de\/index.php\/wp-json\/wp\/v2\/posts\/184823","targetHints":{"allow":["GET"]}}],"collection":[{"href":"https:\/\/hier-luebeck.de\/index.php\/wp-json\/wp\/v2\/posts"}],"about":[{"href":"https:\/\/hier-luebeck.de\/index.php\/wp-json\/wp\/v2\/types\/post"}],"author":[{"embeddable":true,"href":"https:\/\/hier-luebeck.de\/index.php\/wp-json\/wp\/v2\/users\/3"}],"replies":[{"embeddable":true,"href":"https:\/\/hier-luebeck.de\/index.php\/wp-json\/wp\/v2\/comments?post=184823"}],"version-history":[{"count":0,"href":"https:\/\/hier-luebeck.de\/index.php\/wp-json\/wp\/v2\/posts\/184823\/revisions"}],"wp:attachment":[{"href":"https:\/\/hier-luebeck.de\/index.php\/wp-json\/wp\/v2\/media?parent=184823"}],"wp:term":[{"taxonomy":"category","embeddable":true,"href":"https:\/\/hier-luebeck.de\/index.php\/wp-json\/wp\/v2\/categories?post=184823"},{"taxonomy":"post_tag","embeddable":true,"href":"https:\/\/hier-luebeck.de\/index.php\/wp-json\/wp\/v2\/tags?post=184823"}],"curies":[{"name":"wp","href":"https:\/\/api.w.org\/{rel}","templated":true}]}}