{"id":184845,"date":"2015-08-17T18:18:20","date_gmt":"2015-08-17T18:18:20","guid":{"rendered":"http:\/\/www.hier-luebeck.de\/?p=184845"},"modified":"2015-08-17T18:18:20","modified_gmt":"2015-08-17T18:18:20","slug":"pol-hl-hl_bab1-geisterfahrer-verursacht-verkehrsunfall-auf-der-bab-1-bei-luebeck-2","status":"publish","type":"post","link":"https:\/\/hier-luebeck.de\/index.php\/pol-hl-hl_bab1-geisterfahrer-verursacht-verkehrsunfall-auf-der-bab-1-bei-luebeck-2\/","title":{"rendered":"POL-HL: HL_BAB1   \/\n\nGeisterfahrer verursacht Verkehrsunfall auf der BAB 1 bei L\u00fcbeck"},"content":{"rendered":"<p>L\u00fcbeck (ots) &#8211; Am Sonntag (16.08.2015) ereignete sich auf der BAB1 bei L\u00fcbeck ein Verkehrsunfall, der durch einen Falschfahrer  verursacht wurde. Personen wurden nicht verletzt.     Gegen 06.50 Uhr wurde der Polizei ein Falschfahrer auf der B 75  zwischen den Anschlussstellen L\u00fcbeck K\u00fccknitz und Skandinavienkai  gemeldet.<!--more--> Der 86 Jahre alte Fahrer einer grauen Mercedes A-Klasse  lenkte sein Fahrzeug in Richtung L\u00fcbeck, jedoch auf der Fahrbahn  Richtung Norden. Im weiteren Verlauf fuhr der Travem\u00fcnder \u00fcber die A  226 in Richtung der BAB1. Mehrere Anrufer teilten der  Regionalleitstelle den aktuellen Standort des Geisterfahrers mit,  diverse Funkstreifenwagen wurden in den Bereich entsandt. Kurz nach  07.00 Uhr stie\u00df der Fahrer der A-Klasse auf der BAB1 zwischen den  Anschlussstellen L\u00fcbeck Zentrum und L\u00fcbeck Moisling im dortigen  Baustellenbereich mit einem entgegenkommenden VW Passat frontal  zusammen. Dabei wurde nicht nur der Passat sondern auch ein daran  mitgef\u00fchrter Wohnwagen besch\u00e4digt. Trotz des Unfalls versuchte der  Travem\u00fcnder seine Fahrt fortzusetzen. Eine  Funkstreifenwagenbesatzung, die zu diesem Zeitpunkt auf der BAB 1 in  Richtung S\u00fcden parallel zu der A-Klasse fuhr, erkannte die  Unfallsituation. Die Beamten sprangen \u00fcber die Mittelleitplanke,  erreichten das Fahrzeug und konnten anschlie\u00dfend die Weiterfahrt  des Falschfahrers durch das Ziehen des Z\u00fcndschl\u00fcssels beenden.     Die Fahrzeuginsassen des Passats, eine vierk\u00f6pfige Familie aus  Uelzen, wurden bei dem Unfall nicht verletzt. Auch der Fahrer der  A-Klasse blieb unverletzt. Nach bisherigen Erkenntnissen k\u00f6nnte ein  pl\u00f6tzlich eingetretener Krankheitszustand des 86-J\u00e4hrigen Ursache f\u00fcr die Geisterfahrt gewesen sein. Gegen ihn wird unter anderem wegen des Verdachts der Stra\u00dfenverkehrsgef\u00e4hrdung ermittelt.     An den beteiligten Fahrzeugen entstand ein Gesamtsachschaden von  circa 10.000 Euro. Die PKW und der Wohnwagen wurden durch ein   Abschleppunternehmen geborgen. Nach erfolgter Vollsperrung war die  BAB 1 in Richtung Norden gegen 08.30 Uhr wieder frei befahrbar.     R\u00fcckfragen bitte an:  Ulli Fritz Gerlach &#8211; Pressesprecher &#8211;  Polizeidirektion L\u00fcbeck Pressestelle Telefon: 0451-131-2015 Fax: 0451-131-2019 E-Mail: pressestelle.luebeck.pd@polizei.landsh.de<\/p>\n<p>Quelle: <a href=\"http:\/\/www.presseportal.de\/blaulicht\/pm\/43738\/3099373\" target=\"_blank\">presseportal.de<\/a><\/p>\n","protected":false},"excerpt":{"rendered":"<p>L\u00fcbeck (ots) &#8211; Am Sonntag (16.08.2015) ereignete sich auf der BAB1 bei L\u00fcbeck ein Verkehrsunfall, der durch einen Falschfahrer verursacht<\/p>\n","protected":false},"author":3,"featured_media":0,"comment_status":"open","ping_status":"open","sticky":false,"template":"","format":"standard","meta":{"colormag_page_container_layout":"default_layout","colormag_page_sidebar_layout":"default_layout","footnotes":""},"categories":[20],"tags":[],"class_list":["post-184845","post","type-post","status-publish","format-standard","hentry","category-besondere-neuigkeiten"],"_links":{"self":[{"href":"https:\/\/hier-luebeck.de\/index.php\/wp-json\/wp\/v2\/posts\/184845","targetHints":{"allow":["GET"]}}],"collection":[{"href":"https:\/\/hier-luebeck.de\/index.php\/wp-json\/wp\/v2\/posts"}],"about":[{"href":"https:\/\/hier-luebeck.de\/index.php\/wp-json\/wp\/v2\/types\/post"}],"author":[{"embeddable":true,"href":"https:\/\/hier-luebeck.de\/index.php\/wp-json\/wp\/v2\/users\/3"}],"replies":[{"embeddable":true,"href":"https:\/\/hier-luebeck.de\/index.php\/wp-json\/wp\/v2\/comments?post=184845"}],"version-history":[{"count":0,"href":"https:\/\/hier-luebeck.de\/index.php\/wp-json\/wp\/v2\/posts\/184845\/revisions"}],"wp:attachment":[{"href":"https:\/\/hier-luebeck.de\/index.php\/wp-json\/wp\/v2\/media?parent=184845"}],"wp:term":[{"taxonomy":"category","embeddable":true,"href":"https:\/\/hier-luebeck.de\/index.php\/wp-json\/wp\/v2\/categories?post=184845"},{"taxonomy":"post_tag","embeddable":true,"href":"https:\/\/hier-luebeck.de\/index.php\/wp-json\/wp\/v2\/tags?post=184845"}],"curies":[{"name":"wp","href":"https:\/\/api.w.org\/{rel}","templated":true}]}}