{"id":184876,"date":"2015-08-18T08:43:16","date_gmt":"2015-08-18T06:43:16","guid":{"rendered":"http:\/\/www.hier-luebeck.de\/?p=184876"},"modified":"2015-08-18T08:44:46","modified_gmt":"2015-08-18T06:44:46","slug":"gute-chancen-fuer-weltoffene-junge-berufstaetige","status":"publish","type":"post","link":"https:\/\/hier-luebeck.de\/index.php\/gute-chancen-fuer-weltoffene-junge-berufstaetige\/","title":{"rendered":"Gute Chancen f\u00fcr weltoffene junge Berufst\u00e4tige"},"content":{"rendered":"<p><strong>Ein Jahr in den USA leben, lernen und arbeiten \u2013 diese spannende und einzigartige Kombination bietet das Parlamentarische Patenschafts-Programm (PPP) von Deutschem Bundestag und US-amerikanischem Kongress. <\/strong><!--more-->Die f\u00fcr die Hansestadt L\u00fcbeck und die \u00c4mter Berkenthin und Sandesneben zust\u00e4ndige Bundestagsabgeordnete Gabriele Hiller-Ohm, die als Patin bereits acht Jugendliche aus dem Wahlkreis in die USA schicken konnte, ruft insbesondere junge Berufst\u00e4tige zur Bewerbung f\u00fcr das kommende Austauschjahr 2016\/2017 auf.<\/p>\n<p>\u201eNeben Sch\u00fclerinnen und Sch\u00fclern haben auch junge Berufst\u00e4tige wieder die einmalige Chance, mit dem Patenschafts-Programm amerikanisches Familien-, College- und Arbeitsleben aus erster Hand kennen zu lernen. Ein Auslandsjahr ist f\u00fcr junge Menschen eine unsch\u00e4tzbar wichtige Erfahrung. Das gibt oft einen richtigen Schub f\u00fcr die pers\u00f6nliche Entwicklung. Jugendliche aus L\u00fcbeck und den \u00c4mtern Berkenthin und Sandesneben k\u00f6nnen sich jetzt noch f\u00fcr das PPP-Austauschjahr 2016\/2017 bewerben. Wer die Chance hat, sollte diese ergreifen \u2013 es lohnt sich f\u00fcr das Leben\u201c, so Hiller-Ohm.<\/p>\n<p>&nbsp;<\/p>\n<p>Besonders angesprochen sind junge Berufst\u00e4tige bis 24 Jahre (Geburtstage vom 1.8.1991 bis 31.7.2000) mit zum Zeitpunkt der Ausreise im August 2016 abgeschlossener handwerklicher, gewerblich-technischer und kaufm\u00e4nnischer Ausbildung. Bei angehenden Landwirten und Winzern gen\u00fcgt der Beginn einer Ausbildung. Geleisteter Grundwehrdienst, Zivildienst oder ein freiwilliges soziales, \u00f6kologisches oder entwicklungspolitisches Jahr erh\u00f6hen die obere Altersgrenze entsprechend.<\/p>\n<p>Bewerbungsunterlagen k\u00f6nnen bis zum 11. September 2015 bei der Deutschen Gesellschaft f\u00fcr Internationale Zusammenarbeit (GIZ) online unter <a href=\"http:\/\/www.giz.de\/usappp\">www.giz.de\/usappp<\/a> angefordert werden. Einsendeschluss ist der 25. September 2015. N\u00e4here Informationen zum Programm k\u00f6nnen bei der GIZ in Bonn (ausschlie\u00dflich junge Berufst\u00e4tige) angefordert werden unter Tel. 0228-4460-1339 oder 0228-4460-1172, Fax 0228-4460-1222 oder per E-Mail an <a href=\"mailto:usappp@giz.de\">usappp@giz.de<\/a>. Zus\u00e4tzliche Informationen zum Berufst\u00e4tigen-PPP gibt es auch \u00fcber die Internetadresse <a href=\"http:\/\/www.giz.de\/usappp\">www.giz.de\/usappp<\/a> oder <a href=\"http:\/\/www.bundestag.de\/ppp\">www.bundestag.de\/ppp<\/a>.<\/p>\n","protected":false},"excerpt":{"rendered":"<p>Ein Jahr in den USA leben, lernen und arbeiten \u2013 diese spannende und einzigartige Kombination bietet das Parlamentarische Patenschafts-Programm (PPP)<\/p>\n","protected":false},"author":3,"featured_media":0,"comment_status":"open","ping_status":"open","sticky":false,"template":"","format":"standard","meta":{"colormag_page_container_layout":"default_layout","colormag_page_sidebar_layout":"default_layout","footnotes":""},"categories":[5],"tags":[17129],"class_list":["post-184876","post","type-post","status-publish","format-standard","hentry","category-politik-wirtschaft","tag-gute-chancen-fuer-weltoffene-junge-berufstaetige"],"_links":{"self":[{"href":"https:\/\/hier-luebeck.de\/index.php\/wp-json\/wp\/v2\/posts\/184876","targetHints":{"allow":["GET"]}}],"collection":[{"href":"https:\/\/hier-luebeck.de\/index.php\/wp-json\/wp\/v2\/posts"}],"about":[{"href":"https:\/\/hier-luebeck.de\/index.php\/wp-json\/wp\/v2\/types\/post"}],"author":[{"embeddable":true,"href":"https:\/\/hier-luebeck.de\/index.php\/wp-json\/wp\/v2\/users\/3"}],"replies":[{"embeddable":true,"href":"https:\/\/hier-luebeck.de\/index.php\/wp-json\/wp\/v2\/comments?post=184876"}],"version-history":[{"count":1,"href":"https:\/\/hier-luebeck.de\/index.php\/wp-json\/wp\/v2\/posts\/184876\/revisions"}],"predecessor-version":[{"id":184877,"href":"https:\/\/hier-luebeck.de\/index.php\/wp-json\/wp\/v2\/posts\/184876\/revisions\/184877"}],"wp:attachment":[{"href":"https:\/\/hier-luebeck.de\/index.php\/wp-json\/wp\/v2\/media?parent=184876"}],"wp:term":[{"taxonomy":"category","embeddable":true,"href":"https:\/\/hier-luebeck.de\/index.php\/wp-json\/wp\/v2\/categories?post=184876"},{"taxonomy":"post_tag","embeddable":true,"href":"https:\/\/hier-luebeck.de\/index.php\/wp-json\/wp\/v2\/tags?post=184876"}],"curies":[{"name":"wp","href":"https:\/\/api.w.org\/{rel}","templated":true}]}}