{"id":184879,"date":"2015-08-18T08:52:23","date_gmt":"2015-08-18T06:52:23","guid":{"rendered":"http:\/\/www.hier-luebeck.de\/?p=184879"},"modified":"2015-08-18T08:58:23","modified_gmt":"2015-08-18T06:58:23","slug":"teile-von-museen-in-luebeck-zeitweise-geschlossen","status":"publish","type":"post","link":"https:\/\/hier-luebeck.de\/index.php\/teile-von-museen-in-luebeck-zeitweise-geschlossen\/","title":{"rendered":"Teile von Museen in L\u00fcbeck zeitweise geschlossen"},"content":{"rendered":"<p><strong>Wegen Ausstellungsaufbau: Teile des Museumsquartiers in L\u00fcbeck zeitweise geschlossen. <\/strong>Wegen der Vorbereitungen zur Jahrhundertausstellung <strong><em>L\u00fcbeck 1500. Kunstmetropole im Ostseeraum <\/em><\/strong>(Start: 20. September) sind Teile des Museumsquartiers in L\u00fcbeck zeitweise geschlossen. Dies gibt die Kulturstiftung Hansestadt L\u00fcbeck bekannt. Hier die Einschr\u00e4nkungen im Einzelnen:<!--more-->Vom 18. August bis zum 19. September ist die Kunsthalle St. Annen f\u00fcr Besucher nicht ge\u00f6ffnet.<\/p>\n<p>Im gesamten Monat August sind im St. Annen-Museum nur Teilbereiche der Mittelaltersammlung zug\u00e4nglich. Vom 1. September bis 19. September ist das gesamte Museumsquartier (also Kunsthalle <u>und<\/u> St. Annen-Museum) f\u00fcr den Aufbau der Ausstellung komplett geschlossen.<\/p>\n<p>Im August gelten f\u00fcr das St. Annen-Museum die \u00fcblichen \u00d6ffnungszeiten (Dienstag bis Sonntag, 10 bis 17 Uhr), aufgrund der r\u00e4umlichen Einschr\u00e4nkungen wird aber ein reduzierter Eintrittspreis in H\u00f6he von drei Euro erhoben.<\/p>\n","protected":false},"excerpt":{"rendered":"<p>Wegen Ausstellungsaufbau: Teile des Museumsquartiers in L\u00fcbeck zeitweise geschlossen. Wegen der Vorbereitungen zur Jahrhundertausstellung L\u00fcbeck 1500. Kunstmetropole im Ostseeraum (Start:<\/p>\n","protected":false},"author":3,"featured_media":0,"comment_status":"open","ping_status":"open","sticky":false,"template":"","format":"standard","meta":{"colormag_page_container_layout":"default_layout","colormag_page_sidebar_layout":"default_layout","footnotes":""},"categories":[20],"tags":[17130],"class_list":["post-184879","post","type-post","status-publish","format-standard","hentry","category-besondere-neuigkeiten","tag-teile-von-museen-in-luebeck-zeitweise-geschlossen"],"_links":{"self":[{"href":"https:\/\/hier-luebeck.de\/index.php\/wp-json\/wp\/v2\/posts\/184879","targetHints":{"allow":["GET"]}}],"collection":[{"href":"https:\/\/hier-luebeck.de\/index.php\/wp-json\/wp\/v2\/posts"}],"about":[{"href":"https:\/\/hier-luebeck.de\/index.php\/wp-json\/wp\/v2\/types\/post"}],"author":[{"embeddable":true,"href":"https:\/\/hier-luebeck.de\/index.php\/wp-json\/wp\/v2\/users\/3"}],"replies":[{"embeddable":true,"href":"https:\/\/hier-luebeck.de\/index.php\/wp-json\/wp\/v2\/comments?post=184879"}],"version-history":[{"count":1,"href":"https:\/\/hier-luebeck.de\/index.php\/wp-json\/wp\/v2\/posts\/184879\/revisions"}],"predecessor-version":[{"id":184880,"href":"https:\/\/hier-luebeck.de\/index.php\/wp-json\/wp\/v2\/posts\/184879\/revisions\/184880"}],"wp:attachment":[{"href":"https:\/\/hier-luebeck.de\/index.php\/wp-json\/wp\/v2\/media?parent=184879"}],"wp:term":[{"taxonomy":"category","embeddable":true,"href":"https:\/\/hier-luebeck.de\/index.php\/wp-json\/wp\/v2\/categories?post=184879"},{"taxonomy":"post_tag","embeddable":true,"href":"https:\/\/hier-luebeck.de\/index.php\/wp-json\/wp\/v2\/tags?post=184879"}],"curies":[{"name":"wp","href":"https:\/\/api.w.org\/{rel}","templated":true}]}}