{"id":184903,"date":"2015-08-18T10:52:42","date_gmt":"2015-08-18T10:52:42","guid":{"rendered":"http:\/\/www.hier-luebeck.de\/index.php\/pol-hl-hl-verdacht-des-schweren-sexuellen-missbrauchs-an-einem-kind-in-luebeck-polizei-sucht-dringend-zeugen\/"},"modified":"2015-08-18T14:40:49","modified_gmt":"2015-08-18T12:40:49","slug":"pol-hl-hl-verdacht-des-schweren-sexuellen-missbrauchs-an-einem-kind-in-luebeck-polizei-sucht-dringend-zeugen","status":"publish","type":"post","link":"https:\/\/hier-luebeck.de\/index.php\/pol-hl-hl-verdacht-des-schweren-sexuellen-missbrauchs-an-einem-kind-in-luebeck-polizei-sucht-dringend-zeugen\/","title":{"rendered":"POL-HL: HL   \/Verdacht des schweren sexuellen Missbrauchs an einem Kind in L\u00fcbeck &#8211; Polizei sucht dringend Zeugen"},"content":{"rendered":"<p><img loading=\"lazy\" decoding=\"async\" class=\"alignleft \" title=\"Fahndungsbild: Polizei, freigegeben\" src=\"http:\/\/www.presseportal.de\/bild\/334427-preview-pressemitteilung-261512originalfarbekopie.jpg\" alt=\"\" width=\"249\" height=\"360\" \/><\/p>\n<p>L\u00fcbeck (ots) &#8211; Am Mittwochnachmittag (05.08.2015) ereignete sich in einem L\u00fcbecker Kleingartengel\u00e4nde ein Fall des schweren sexuellen Missbrauchs eines Kindes. Die Polizei sucht dringend Zeugen.<!--more--> Gegen 15:00 Uhr kam es in einem Kleingartengel\u00e4nde in L\u00fcbeck zwischen der Ziegelstra\u00dfe und der Sch\u00f6nb\u00f6ckener Stra\u00dfe zu einem schweren sexuellen Missbrauch an einem 10-j\u00e4hrigen M\u00e4dchen. In diesem Zusammenhang sucht das Kommissariat 11 der L\u00fcbecker Kriminalpolizei jetzt mit einem Phantombild nach dem T\u00e4ter. Der Mann wird als relativ klein und sehr schlank beschrieben. Er hat eine T\u00e4towierung an einem der beiden Oberarme. Zum Tatzeitpunkt trug er eine blaue Jeans und graue Schuhe. Im Bereich des Stirn- und Ohrbereichs ist der Mann nach bisherigen Erkenntnissen verletzt gewesen. Die Verletzungen k\u00f6nnten mittlerweile jedoch abgeheilt sein. Die Polizei sucht in diesem Fall dringend Zeugen, die Angaben zur Tat oder dem gesuchten Tatverd\u00e4chtigen machen k\u00f6nnen. Sachdienliche Hinweise nimmt das Kommissariat 11 der Bezirkskriminalinspektion L\u00fcbeck unter der Telefonnummer 0451-1310 entgegen.<\/p>\n<p>Quelle: <a href=\"http:\/\/www.presseportal.de\/blaulicht\/pm\/43738\/3099693\" target=\"_blank\">presseportal.de<\/a><\/p>\n","protected":false},"excerpt":{"rendered":"<p>L\u00fcbeck (ots) &#8211; Am Mittwochnachmittag (05.08.2015) ereignete sich in einem L\u00fcbecker Kleingartengel\u00e4nde ein Fall des schweren sexuellen Missbrauchs eines Kindes.<\/p>\n","protected":false},"author":3,"featured_media":0,"comment_status":"open","ping_status":"open","sticky":false,"template":"","format":"standard","meta":{"colormag_page_container_layout":"default_layout","colormag_page_sidebar_layout":"default_layout","footnotes":""},"categories":[20],"tags":[],"class_list":["post-184903","post","type-post","status-publish","format-standard","hentry","category-besondere-neuigkeiten"],"_links":{"self":[{"href":"https:\/\/hier-luebeck.de\/index.php\/wp-json\/wp\/v2\/posts\/184903","targetHints":{"allow":["GET"]}}],"collection":[{"href":"https:\/\/hier-luebeck.de\/index.php\/wp-json\/wp\/v2\/posts"}],"about":[{"href":"https:\/\/hier-luebeck.de\/index.php\/wp-json\/wp\/v2\/types\/post"}],"author":[{"embeddable":true,"href":"https:\/\/hier-luebeck.de\/index.php\/wp-json\/wp\/v2\/users\/3"}],"replies":[{"embeddable":true,"href":"https:\/\/hier-luebeck.de\/index.php\/wp-json\/wp\/v2\/comments?post=184903"}],"version-history":[{"count":1,"href":"https:\/\/hier-luebeck.de\/index.php\/wp-json\/wp\/v2\/posts\/184903\/revisions"}],"predecessor-version":[{"id":184913,"href":"https:\/\/hier-luebeck.de\/index.php\/wp-json\/wp\/v2\/posts\/184903\/revisions\/184913"}],"wp:attachment":[{"href":"https:\/\/hier-luebeck.de\/index.php\/wp-json\/wp\/v2\/media?parent=184903"}],"wp:term":[{"taxonomy":"category","embeddable":true,"href":"https:\/\/hier-luebeck.de\/index.php\/wp-json\/wp\/v2\/categories?post=184903"},{"taxonomy":"post_tag","embeddable":true,"href":"https:\/\/hier-luebeck.de\/index.php\/wp-json\/wp\/v2\/tags?post=184903"}],"curies":[{"name":"wp","href":"https:\/\/api.w.org\/{rel}","templated":true}]}}