{"id":184904,"date":"2015-08-18T10:22:38","date_gmt":"2015-08-18T10:22:38","guid":{"rendered":"http:\/\/www.hier-luebeck.de\/index.php\/pol-hl-oh_bad-malente-gremsmuehlen-trunkenheitsfahrt-in-malente\/"},"modified":"2015-08-18T10:22:38","modified_gmt":"2015-08-18T10:22:38","slug":"pol-hl-oh_bad-malente-gremsmuehlen-trunkenheitsfahrt-in-malente","status":"publish","type":"post","link":"https:\/\/hier-luebeck.de\/index.php\/pol-hl-oh_bad-malente-gremsmuehlen-trunkenheitsfahrt-in-malente\/","title":{"rendered":"POL-HL: OH_Bad Malente-Gremsm\u00fchlen   \/\n\nTrunkenheitsfahrt in Malente"},"content":{"rendered":"<p>L\u00fcbeck (ots) &#8211; Am Montagmittag (17.08.2015) wurde in Malente ein  Verkehrsteilnehmer aus dem Verkehr gezogen, der einem Mitarbeiter  einer Beh\u00f6rde in Eutin durch seinen Atemalkoholgeruch aufgefallen  war. Der 61-j\u00e4hrige Mann aus Ostholstein hatte einen Beh\u00f6rdenbesuch  in Eutin hinter sich gebracht. Dort war er wegen seines starken  Atemalkoholgeruchs aufgefallen.<!--more--> Anschlie\u00dfend wurde beobachtet, dass  der Mann in seinen Pkw VW Lupo stieg und davon fuhr. Das  Polizeirevier in Eutin wurde informiert und gab diese Information,  wegen der Anschrift des Halters des Fahrzeuges, auch an die  Polizeistation in Malente weiter. Einer Funkstreifenbesatzung der  Polizei Malente kam der VW kurz danach in der Kellerseestra\u00dfe in  Malente entgegen. Der Wagen wurde gestoppt, und die Beamten stellten  sofort den Atemalkoholgeruch fest. Ein vor Ort durchgef\u00fchrter  Atemalkoholtest ergab einen vorl\u00e4ufigen Wert von 1,74 Promille. Die  daraufhin angeordnete Blutprobenentnahme wurde auf der Polizeistation Malente durchgef\u00fchrt. Gegen den Fahrzeugf\u00fchrer wurde ein  Strafverfahren wegen Trunkenheit im Verkehr eingeleitet.     R\u00fcckfragen bitte an:  Dierk D\u00fcrbrook Polizeidirektion L\u00fcbeck Pressestelle Telefon: 0451-131-2015 Fax: 0451-131-2019 E-Mail: pressestelle.luebeck.pd@polizei.landsh.de<\/p>\n<p>Quelle: <a href=\"http:\/\/www.presseportal.de\/blaulicht\/pm\/43738\/3099653\" target=\"_blank\">presseportal.de<\/a><\/p>\n","protected":false},"excerpt":{"rendered":"<p>L\u00fcbeck (ots) &#8211; Am Montagmittag (17.08.2015) wurde in Malente ein Verkehrsteilnehmer aus dem Verkehr gezogen, der einem Mitarbeiter einer Beh\u00f6rde<\/p>\n","protected":false},"author":3,"featured_media":0,"comment_status":"open","ping_status":"open","sticky":false,"template":"","format":"standard","meta":{"colormag_page_container_layout":"default_layout","colormag_page_sidebar_layout":"default_layout","footnotes":""},"categories":[20],"tags":[],"class_list":["post-184904","post","type-post","status-publish","format-standard","hentry","category-besondere-neuigkeiten"],"_links":{"self":[{"href":"https:\/\/hier-luebeck.de\/index.php\/wp-json\/wp\/v2\/posts\/184904","targetHints":{"allow":["GET"]}}],"collection":[{"href":"https:\/\/hier-luebeck.de\/index.php\/wp-json\/wp\/v2\/posts"}],"about":[{"href":"https:\/\/hier-luebeck.de\/index.php\/wp-json\/wp\/v2\/types\/post"}],"author":[{"embeddable":true,"href":"https:\/\/hier-luebeck.de\/index.php\/wp-json\/wp\/v2\/users\/3"}],"replies":[{"embeddable":true,"href":"https:\/\/hier-luebeck.de\/index.php\/wp-json\/wp\/v2\/comments?post=184904"}],"version-history":[{"count":0,"href":"https:\/\/hier-luebeck.de\/index.php\/wp-json\/wp\/v2\/posts\/184904\/revisions"}],"wp:attachment":[{"href":"https:\/\/hier-luebeck.de\/index.php\/wp-json\/wp\/v2\/media?parent=184904"}],"wp:term":[{"taxonomy":"category","embeddable":true,"href":"https:\/\/hier-luebeck.de\/index.php\/wp-json\/wp\/v2\/categories?post=184904"},{"taxonomy":"post_tag","embeddable":true,"href":"https:\/\/hier-luebeck.de\/index.php\/wp-json\/wp\/v2\/tags?post=184904"}],"curies":[{"name":"wp","href":"https:\/\/api.w.org\/{rel}","templated":true}]}}