{"id":18631,"date":"2010-07-15T13:26:10","date_gmt":"2010-07-15T11:26:10","guid":{"rendered":"http:\/\/www.hier-luebeck.de\/?p=18631"},"modified":"2010-07-15T13:26:10","modified_gmt":"2010-07-15T11:26:10","slug":"pol-hl-hl-st-lorenz-nord-medenbreite-aufmerksame-nachbarin-verhindert-wohnungseinbruch","status":"publish","type":"post","link":"https:\/\/hier-luebeck.de\/index.php\/pol-hl-hl-st-lorenz-nord-medenbreite-aufmerksame-nachbarin-verhindert-wohnungseinbruch\/","title":{"rendered":"POL-HL: HL &#8211; St. Lorenz-Nord, Medenbreite \/ Aufmerksame Nachbarin verhindert Wohnungseinbruch"},"content":{"rendered":"<p><a rel=\"attachment wp-att-10985\" href=\"http:\/\/www.hier-luebeck.de\/2010\/02\/pol-hl-hl-st-jurgen-rotloscherstrase-polizei-nimmt-einbrecher-fest\/funkstreifers-13\/\"><img loading=\"lazy\" decoding=\"async\" class=\"alignleft size-full wp-image-10985\" title=\"FunkstreifeRS\" src=\"http:\/\/www.hier-luebeck.de\/wp-content\/uploads\/2010\/02\/FunkstreifeRS6.JPG\" alt=\"\" width=\"220\" height=\"165\" \/><\/a>L\u00fcbeck (ots) &#8211; Am Mittwoch, gegen 18.00 Uhr, kam es in der Medenbreite zu einem Polizeieinsatz. Eine aufmerksame Nachbarin hatte zuvor beobachtet, wie zwei M\u00e4nner an der Haust\u00fcr des Nachbarhauses klingelten.<!--more--> Die Bewohner hatten das Haus wenige Minuten vorher verlassen. Als niemand das Haus \u00f6ffnete, ging einer der beiden M\u00e4nner an die Hausseite und versuchte, ein auf Kipp stehendes Fenster aufzubrechen. Dabei wurde der Mann von der couragierten Nachbarin angesprochen, der daraufhin mit seinem Begleiter das Grundst\u00fcck verlie\u00df. Die alarmierte Polizei fahndete nach den Verd\u00e4chtigen und konnte tats\u00e4chlich einige Zeit sp\u00e4ter zwei 20 und 29 Jahre alte M\u00e4nner in Tatortn\u00e4he festnehmen. In ihren mitgef\u00fchrten Sachen hatten sie neben ihren pers\u00f6nlichen Gegenst\u00e4nden noch Handschuhe sowie diverse hochwertige Gegenst\u00e4nde dabei, die m\u00f6glicherweise aus anderen Einbr\u00fcchen stammen. Die beiden M\u00e4nner r\u00e4umten gegen\u00fcber den Beamten sodann auch ein, zuvor auf dem Grundst\u00fcck gewesen zu sein. Allerdings wollten die beiden L\u00fcbecker sich angeblich nur nach dem Weg zum Bahnhof erkundigen&#8230; Die beiden Tatverd\u00e4chtigen mussten mit zum Polizei und wurden anschlie\u00dfend erkennungsdienstlich behandelt. Einer der beiden ist der Polizei bereits wegen \u00e4hnlicher Taten bekannt. Das Kommissariat 12 der L\u00fcbecker Kriminalpolizei hat die Ermittlungen aufgenommen und pr\u00fcft nun, ob die beiden inzwischen wieder Freigelassenen auch f\u00fcr andere Einbr\u00fcche in Frage kommen.<\/p>\n","protected":false},"excerpt":{"rendered":"<p>L\u00fcbeck (ots) &#8211; Am Mittwoch, gegen 18.00 Uhr, kam es in der Medenbreite zu einem Polizeieinsatz. Eine aufmerksame Nachbarin hatte<\/p>\n","protected":false},"author":3,"featured_media":0,"comment_status":"open","ping_status":"open","sticky":false,"template":"","format":"standard","meta":{"colormag_page_container_layout":"default_layout","colormag_page_sidebar_layout":"default_layout","footnotes":""},"categories":[20],"tags":[],"class_list":["post-18631","post","type-post","status-publish","format-standard","hentry","category-besondere-neuigkeiten"],"_links":{"self":[{"href":"https:\/\/hier-luebeck.de\/index.php\/wp-json\/wp\/v2\/posts\/18631","targetHints":{"allow":["GET"]}}],"collection":[{"href":"https:\/\/hier-luebeck.de\/index.php\/wp-json\/wp\/v2\/posts"}],"about":[{"href":"https:\/\/hier-luebeck.de\/index.php\/wp-json\/wp\/v2\/types\/post"}],"author":[{"embeddable":true,"href":"https:\/\/hier-luebeck.de\/index.php\/wp-json\/wp\/v2\/users\/3"}],"replies":[{"embeddable":true,"href":"https:\/\/hier-luebeck.de\/index.php\/wp-json\/wp\/v2\/comments?post=18631"}],"version-history":[{"count":0,"href":"https:\/\/hier-luebeck.de\/index.php\/wp-json\/wp\/v2\/posts\/18631\/revisions"}],"wp:attachment":[{"href":"https:\/\/hier-luebeck.de\/index.php\/wp-json\/wp\/v2\/media?parent=18631"}],"wp:term":[{"taxonomy":"category","embeddable":true,"href":"https:\/\/hier-luebeck.de\/index.php\/wp-json\/wp\/v2\/categories?post=18631"},{"taxonomy":"post_tag","embeddable":true,"href":"https:\/\/hier-luebeck.de\/index.php\/wp-json\/wp\/v2\/tags?post=18631"}],"curies":[{"name":"wp","href":"https:\/\/api.w.org\/{rel}","templated":true}]}}