{"id":187887,"date":"2015-08-14T10:26:28","date_gmt":"2015-08-14T10:26:28","guid":{"rendered":"http:\/\/www.hier-luebeck.de\/besondere-neuigkeiten\/fw-oh-schwerverletzter-bei-feuer-in-eutin-4\/"},"modified":"2015-08-14T10:26:28","modified_gmt":"2015-08-14T10:26:28","slug":"fw-oh-schwerverletzter-bei-feuer-in-eutin-4","status":"publish","type":"post","link":"https:\/\/hier-luebeck.de\/index.php\/fw-oh-schwerverletzter-bei-feuer-in-eutin-4\/","title":{"rendered":"FW-OH: Schwerverletzter Bei Feuer in Eutin"},"content":{"rendered":"<p><img decoding=\"async\" class=\"alignleft size-full\" title=\"Foto: Feuerwehr Eutin\" src=\"http:\/\/www.presseportal.de\/bild\/334054-preview-pressemitteilung-wp-20150814-004.jpg\" \/><\/p>\n<p>Lensahn (ots) &#8211;     Eutin (kr). Nur  dem beherzten Eingreifen einiger Nachbarn  verdankt ein 51j\u00e4riger Eutiner offenbar sein Leben.  Die beherzten  Nachbarn waren durch explosionsartige Ger\u00e4usche aus einem Hinterhaus  in der Eutiner  Friedrichstra\u00dfe wach geworden und hatten Hilferufe  aus dem Haus vernommen.<!--more--> Als sie dem Nachbarn zur Hilfe eilen wollten, waren schon die Haust\u00fcr und ein Fenster auf den Hof geschleudert. Die Anwohner konnten den verletzten Bewohner noch rechtzeitig ins Freie  ziehen, bevor das gesamte Haus in Vollbrand stand. Als die um 3:22  Uhr alarmierte Freiwillige Feuerwehr Eutin mit 30 Einsatzkr\u00e4ften  sieben Einsatzfahrzeugen, davon drei L\u00f6schfahrzeuge und die  Drehleiter am Einsatzort eintraf, stand das kleine Wohnhaus komplett  in Flammen. Da sich bereits starke Risse im Au\u00dfenmauerwerk zeigten  und das Dach im hinteren Bereich des Geb\u00e4udes bereits eingest\u00fcrzt  war, war an einen Innenangriff nicht mehr zu denken. Die  L\u00f6schmannschaften konzentrierten sich auf den Schutz der  Nachbargeb\u00e4ude und die Brandbek\u00e4mpfung des kleinen Wohnhauses.  Zus\u00e4tzlich wurde durch den Energieversorger die Gas und Stromzufuhr  unterbrochen. Um die letzten Brandnester abzul\u00f6schen wurde das Dach  des Geb\u00e4udes mit schwerem Ger\u00e4t abgetragen. Die Brandursache sowie  die Schadenh\u00f6he sind z.Zt. noch unklar, die Kriminalpolizei hat die  Ermittlungen aufgenommen. Der Bewohner wurde nach der Erstversorgung  durch den Rettungsdienst mit Brandverletzungen in eine L\u00fcbecker  Klinik gebracht. Um 6:30 Uhr waren die Eutiner Einsatzkr\u00e4fte  im   Feuerwehrhaus wieder einsatzbereit. Neben Feuerwehr und  Rettungsdienst waren  Polizei und Kriminaldauerdienst, die Stadtwerke Eutin und eine Eutiner  Tiefbaufirma im Einsatz.     R\u00fcckfragen bitte an:  Freiwillige Feuerwehren der  Stadt Eutin Heino Kreuzfeld Gemeindewehrf\u00fchrer Tel: 0163-7930199 E-Mail: Heino.K.aus.E@t-online.de  Pressedienst KFV Ostholstein HBM Hartmut Junge Telefon: 0172 413 73 24 E-Mail: hartmut.junge@kfv-oh.org www.kfv-oh.org<\/p>\n<p>Quelle: <a href=\"http:\/\/www.presseportal.de\/blaulicht\/pm\/56143\/3097035\" target=\"_blank\">presseportal.de<\/a><\/p>\n","protected":false},"excerpt":{"rendered":"<p>Lensahn (ots) &#8211; Eutin (kr). Nur dem beherzten Eingreifen einiger Nachbarn verdankt ein 51j\u00e4riger Eutiner offenbar sein Leben. Die beherzten<\/p>\n","protected":false},"author":3,"featured_media":0,"comment_status":"open","ping_status":"open","sticky":false,"template":"","format":"standard","meta":{"colormag_page_container_layout":"default_layout","colormag_page_sidebar_layout":"default_layout","footnotes":""},"categories":[20],"tags":[],"class_list":["post-187887","post","type-post","status-publish","format-standard","hentry","category-besondere-neuigkeiten"],"_links":{"self":[{"href":"https:\/\/hier-luebeck.de\/index.php\/wp-json\/wp\/v2\/posts\/187887","targetHints":{"allow":["GET"]}}],"collection":[{"href":"https:\/\/hier-luebeck.de\/index.php\/wp-json\/wp\/v2\/posts"}],"about":[{"href":"https:\/\/hier-luebeck.de\/index.php\/wp-json\/wp\/v2\/types\/post"}],"author":[{"embeddable":true,"href":"https:\/\/hier-luebeck.de\/index.php\/wp-json\/wp\/v2\/users\/3"}],"replies":[{"embeddable":true,"href":"https:\/\/hier-luebeck.de\/index.php\/wp-json\/wp\/v2\/comments?post=187887"}],"version-history":[{"count":0,"href":"https:\/\/hier-luebeck.de\/index.php\/wp-json\/wp\/v2\/posts\/187887\/revisions"}],"wp:attachment":[{"href":"https:\/\/hier-luebeck.de\/index.php\/wp-json\/wp\/v2\/media?parent=187887"}],"wp:term":[{"taxonomy":"category","embeddable":true,"href":"https:\/\/hier-luebeck.de\/index.php\/wp-json\/wp\/v2\/categories?post=187887"},{"taxonomy":"post_tag","embeddable":true,"href":"https:\/\/hier-luebeck.de\/index.php\/wp-json\/wp\/v2\/tags?post=187887"}],"curies":[{"name":"wp","href":"https:\/\/api.w.org\/{rel}","templated":true}]}}