{"id":19536,"date":"2010-08-16T07:43:23","date_gmt":"2010-08-16T05:43:23","guid":{"rendered":"http:\/\/www.hier-luebeck.de\/?p=19536"},"modified":"2010-08-16T07:43:24","modified_gmt":"2010-08-16T05:43:24","slug":"ministerprasident-zeichnet-engagement-fur-das-schleswig-holstein-musik-festival-mit-dem-verdienstorden-des-landes-aus","status":"publish","type":"post","link":"https:\/\/hier-luebeck.de\/index.php\/ministerprasident-zeichnet-engagement-fur-das-schleswig-holstein-musik-festival-mit-dem-verdienstorden-des-landes-aus\/","title":{"rendered":"Ministerpr\u00e4sident zeichnet Engagement f\u00fcr das Schleswig-Holstein Musik Festival mit dem Verdienstorden des Landes aus"},"content":{"rendered":"<p><a rel=\"attachment wp-att-17486\" href=\"http:\/\/www.hier-luebeck.de\/2010\/06\/ministerprasident-peter-harry-carstensen-zur-verleihung-des-weltwirtschaftlichen-preises-unsere-zeit-braucht-kluge-ratgeber\/peter-harry-carstensen\/\"><img loading=\"lazy\" decoding=\"async\" class=\"alignleft size-medium wp-image-17486\" title=\"Peter Harry Carstensen\" src=\"http:\/\/www.hier-luebeck.de\/wp-content\/uploads\/2010\/06\/Peter-Harry-Carstensen-214x320.jpg\" alt=\"\" width=\"214\" height=\"320\" srcset=\"https:\/\/hier-luebeck.de\/wp-content\/uploads\/2010\/06\/Peter-Harry-Carstensen-214x320.jpg 214w, https:\/\/hier-luebeck.de\/wp-content\/uploads\/2010\/06\/Peter-Harry-Carstensen-227x340.jpg 227w, https:\/\/hier-luebeck.de\/wp-content\/uploads\/2010\/06\/Peter-Harry-Carstensen.jpg 335w\" sizes=\"auto, (max-width: 214px) 100vw, 214px\" \/><\/a>Ministerpr\u00e4sident Peter Harry Carstensen hat sechs Pers\u00f6nlichkeiten mit dem Verdienstorden des Landes Schleswig-Holstein ausgezeichnet. Geehrt wurden Eva Albers, Birgit Comberg, Prof. Christoph Eschenbach, Prof. Justus Frantz, Dr. Carl Hermann Schleifer sowie Ulrich Urban. Carstensen verlieh die Auszeichnungen am Sonntag, 15. August, um 13.00 Uhr im Haus B in Kiel.<!--more--><\/p>\n<p>Der Ministerpr\u00e4sident w\u00fcrdigte die sechs Pers\u00f6nlichkeiten insbesondere f\u00fcr ihr Engagement um das Schleswig-Holstein Musik Festival (SHMF): &#8222;&#8220;Unser Musik Festival hat sich in seiner ganzen Auspr\u00e4gung zum gr\u00f6\u00dften und erfolgreichsten Klassikfestival weltweit entwickelt. Sie haben seit den Anf\u00e4ngen zu dieser Erfolgsgeschichte beigetragen und das wollen wir heute belohnen und w\u00fcrdigen&#8220;&#8220;, sagte er.<\/p>\n<p>Der Verdienstorden des Landes wurde vor zwei Jahren erstmals verliehen. Ausgezeichnet werden Frauen und M\u00e4nner, die sich in herausragender Weise zum Wohl der Allgemeinheit und f\u00fcr andere Menschen eingesetzt haben. Dabei wird besonderer Wert auf Verdienste mit landesweiter Bedeutung gelegt.<\/p>\n<p>Eva Albers ist seit 1987 eng mit dem SHMF verbunden. Zun\u00e4chst leitete sie den \u00f6rtlichen Festival-Beirat in Meldorf, dehnte Ihre Aktivit\u00e4ten aber bald auf das ganze Land aus. Heute koordiniert sie die Arbeit s\u00e4mtlicher Beir\u00e4te in den Festivalorten. Seit Gr\u00fcndung der Festival-Stiftung 1995 war Eva Albers zun\u00e4chst Mitglied im Stiftungsrat, heute ist sie Mitglied des Stiftungsvorstandes. Besonders intensiv ist zudem ihr Engagement als Sprecherin des Vorstandes des Festival-Vereins.<br \/>\nDie Ordenstr\u00e4gerin engagiert sich zudem in diversen Gremien der Nordelbischen Kirche, im Verein f\u00fcr Kirchenmusik in Meldorf, im Diakonie-Hilfswerk Schleswig-Holstein und in der Meldorfer Multiple-Sklerose-Gesellschaft. Sie ist Mitinitiatorin und Vorsitzende des Vereins \u201eFortino\u201c, der sich seit 2007 der Musikerziehung in Kinderg\u00e4rten widmet.<\/p>\n<p>Birgit Comberg hat sich seit mehr als drei Jahrzehnten umfangreiche Verdienste um das kulturelle Leben in Schleswig-Holstein erworben. Sie geh\u00f6rt zu den Gr\u00fcndungsmitgliedern des SHMF-Vereins und ist seither Mitglied in dessen Vorstand. Ihr Engagement gilt insbesondere der Beiratsarbeit in den Veranstaltungsorten und dem Werben von Privatpersonen und Firmen als Geldgeber. Birgit Comberg ist seit neun Jahren zudem Mitglied im Stiftungsrat des Festivals.<br \/>\nDas weitere Engagement der Ordenstr\u00e4gerin gilt der Kunsthalle zu Kiel. Birgit Comberg ist seit \u00fcber 30 Jahren Mitglied im Vorstand des Stifterkreises und seit zwei Jahren dessen stellvertretende Vorsitzende.<\/p>\n<p>Professor Christoph Eschenbach gilt als zentrale K\u00fcnstler-Pers\u00f6nlichkeit des Festivals. In nahezu 150 Konzerten des SHMF hat er mitgewirkt. Von 1999 bis 2002 war er K\u00fcnstlerischer Leiter des Festivals und hat dessen Programm ma\u00dfgeblich mit gestaltet. Besonders am Herzen liegt dem Ordenstr\u00e4ger die Zusammenarbeit mit jungen Musiktalenten in der Orchesterakademie. Als Chefdirigent ist er untrennbar mit dem Festival Orchester verbunden. Seine Pers\u00f6nlichkeit und seine Ausstrahlung machen Christoph Eschenbach zu einem erfolgreichen Meister seines Faches und zu einem wichtigen Botschafter des SHMF.<\/p>\n<p>Professor Justus Frantz ist Ideengeber, Initiator und Mitbegr\u00fcnder des Musik Festivals. Neun Jahre hat er das Festival als Intendant gepr\u00e4gt. Durch sein Engagement und seine vielf\u00e4ltigen internationalen Beziehungen hat er das SHMF innerhalb k\u00fcrzester Zeit zu einer weltweit angesehenen Veranstaltungsreihe klassischer Musik geformt. Der Ordenstr\u00e4ger hat das SHMF im In- und Ausland als \u00fcberzeugter und \u00fcberzeugender Botschafter vertreten. Gemeinsam mit Leonard Bernstein rief Justus Frantz zudem die Orchesterakademie ins Leben. Als K\u00fcnstler hat er in nahezu 200 Konzerten mitgewirkt.<\/p>\n<p>Dr. Carl Hermann Schleifer ist Mitbegr\u00fcnder des SHMF. Als damaliger Staatssekret\u00e4r im Finanzministerium war er zun\u00e4chst von Amts wegen Bindeglied zwischen der Festival-Leitung und der Landesregierung. Nach seinem Ausscheiden aus dem Landesdienst hat er sein Engagement beim Festival fortgesetzt. Seit Gr\u00fcndung des SHMF ist der Ordenstr\u00e4ger Mitglied im Vorstand des Festival-Vereins. Er hat lange Jahre im Aufsichtsrat der vor\u00fcbergehend eingerichteten Festival-GmbH mitgewirkt und ist seit Gr\u00fcndung der Festival-Stiftung im Jahr 1995 Mitglied des Stiftungsrats.<br \/>\nCarl Hermann Schleifer hat sich auch als Sanierungsberater des Universit\u00e4ts-Klinikums Schleswig-Holstein Verdienste um das Land erworben. Zudem baute er die \u201eDamp Gruppe\u201c zu einem erfolgreichen Unternehmen in der Gesundheitsbranche und im Tourismus aus.<\/p>\n<p>Ulrich Urban ist Initiator und Mitbegr\u00fcnder des SHMF. Verdient gemacht hat er sich dabei insbesondere als langj\u00e4hriger Vorsitzender des Festival-Vereins. Er hat seine vielf\u00e4ltigen gesch\u00e4ftlichen und gesellschaftlichen Kontakte eingesetzt, um f\u00fcr das Festival zu werben und Sponsoren zu gewinnen. Auch sein eigenes Unternehmen z\u00e4hlte zu den F\u00f6rderern. Der Ordenstr\u00e4ger war insgesamt rund zehn Jahre Mitglied im Vereinsvorstand. Er geh\u00f6rte von 1995 bis 2001 dem Vorstand der Festival-Stiftung an. Seit 15 Jahren ist er au\u00dferdemdem Mitglied im Kuratorium.<br \/>\nDar\u00fcber hinaus war Ulrich Urban 1978 Mitbegr\u00fcnder des Stifterkreises der Kunsthalle zu Kiel und f\u00fcr 14 Jahre dessen 1. Vorsitzender. Zudem hat er sich in Gremien der Industrie- und Handelskammer zu Kiel engagiert.<\/p>\n","protected":false},"excerpt":{"rendered":"<p>Ministerpr\u00e4sident Peter Harry Carstensen hat sechs Pers\u00f6nlichkeiten mit dem Verdienstorden des Landes Schleswig-Holstein ausgezeichnet. Geehrt wurden Eva Albers, Birgit Comberg,<\/p>\n","protected":false},"author":3,"featured_media":0,"comment_status":"open","ping_status":"open","sticky":false,"template":"","format":"standard","meta":{"colormag_page_container_layout":"default_layout","colormag_page_sidebar_layout":"default_layout","footnotes":""},"categories":[20],"tags":[],"class_list":["post-19536","post","type-post","status-publish","format-standard","hentry","category-besondere-neuigkeiten"],"_links":{"self":[{"href":"https:\/\/hier-luebeck.de\/index.php\/wp-json\/wp\/v2\/posts\/19536","targetHints":{"allow":["GET"]}}],"collection":[{"href":"https:\/\/hier-luebeck.de\/index.php\/wp-json\/wp\/v2\/posts"}],"about":[{"href":"https:\/\/hier-luebeck.de\/index.php\/wp-json\/wp\/v2\/types\/post"}],"author":[{"embeddable":true,"href":"https:\/\/hier-luebeck.de\/index.php\/wp-json\/wp\/v2\/users\/3"}],"replies":[{"embeddable":true,"href":"https:\/\/hier-luebeck.de\/index.php\/wp-json\/wp\/v2\/comments?post=19536"}],"version-history":[{"count":0,"href":"https:\/\/hier-luebeck.de\/index.php\/wp-json\/wp\/v2\/posts\/19536\/revisions"}],"wp:attachment":[{"href":"https:\/\/hier-luebeck.de\/index.php\/wp-json\/wp\/v2\/media?parent=19536"}],"wp:term":[{"taxonomy":"category","embeddable":true,"href":"https:\/\/hier-luebeck.de\/index.php\/wp-json\/wp\/v2\/categories?post=19536"},{"taxonomy":"post_tag","embeddable":true,"href":"https:\/\/hier-luebeck.de\/index.php\/wp-json\/wp\/v2\/tags?post=19536"}],"curies":[{"name":"wp","href":"https:\/\/api.w.org\/{rel}","templated":true}]}}