{"id":19542,"date":"2010-08-16T10:15:28","date_gmt":"2010-08-16T08:15:28","guid":{"rendered":"http:\/\/www.hier-luebeck.de\/?p=19542"},"modified":"2010-08-19T06:43:37","modified_gmt":"2010-08-19T04:43:37","slug":"geanderte-verkehrsfuhrung-am-harley-weekend-lubeck","status":"publish","type":"post","link":"https:\/\/hier-luebeck.de\/index.php\/geanderte-verkehrsfuhrung-am-harley-weekend-lubeck\/","title":{"rendered":"Ge\u00e4nderte Verkehrsf\u00fchrung am Harley-Weekend-L\u00fcbeck"},"content":{"rendered":"<p><a rel=\"attachment wp-att-19699\" href=\"http:\/\/www.hier-luebeck.de\/2010\/08\/geanderte-verkehrsfuhrung-am-harley-weekend-lubeck\/drehbruecke_dumke\/\"><img loading=\"lazy\" decoding=\"async\" class=\"alignleft size-medium wp-image-19699\" title=\"Drehbruecke_Dumke\" src=\"http:\/\/www.hier-luebeck.de\/wp-content\/uploads\/2010\/08\/Drehbruecke_Dumke-320x240.jpg\" alt=\"\" width=\"320\" height=\"240\" srcset=\"https:\/\/hier-luebeck.de\/wp-content\/uploads\/2010\/08\/Drehbruecke_Dumke-320x240.jpg 320w, https:\/\/hier-luebeck.de\/wp-content\/uploads\/2010\/08\/Drehbruecke_Dumke-426x319.jpg 426w, https:\/\/hier-luebeck.de\/wp-content\/uploads\/2010\/08\/Drehbruecke_Dumke.jpg 500w\" sizes=\"auto, (max-width: 320px) 100vw, 320px\" \/><\/a>Sperrung der Drehbr\u00fccke vom 20. bis 22. August \u2013 Harley-Ausfahrt am 21. August<\/p>\n<p>Von Freitag, 20., bis Sonntag, 22. August 2010, findet zum zweiten Mal das Harley-Weekend in L\u00fcbeck und in Travem\u00fcnde statt. Veranstaltungsorte sind in diesem Jahr in L\u00fcbeck die n\u00f6rdliche Wallhalbinsel sowie erstmalig auch die gegen\u00fcber liegenden Parkpl\u00e4tzen P 1 und P 2 (Busparkplatz) in der Stra\u00dfe Lastadie. Um die Sicherheit der Besucher zu gew\u00e4hrleisten, wird w\u00e4hrend des Wochenendes die Drehbr\u00fccke von Freitag, 20. August, 16 Uhr, bis Sonntag, 22. August, 20 Uhr, gesperrt. Eine Umleitung erfolgt \u00fcber den Stra\u00dfenzug \u201eAn der Untertrave \u2013 Holstentorplatz \u2013 Willy-Brandt-Allee\u201c beziehungsweise umgekehrt.<!--more-->Motorradparkpl\u00e4tze werden vom Veranstalter auf der n\u00f6rdlichen Wallhalbinsel zur Verf\u00fcgung gestellt. Pkw-Parkpl\u00e4tze stehen nur auf den Parkpl\u00e4tzen P 3 und P 5 (teilweise) in der Stra\u00dfe Lastadie zur Verf\u00fcgung. Besucher werden gebeten, \u00f6ffentliche Verkehrsmittel zu nutzen.<\/p>\n<p>Am Sonnabend, 21. August, findet von 13 bis etwa 15.30 Uhr die Harley-Ausfahrt von L\u00fcbeck nach Travem\u00fcnde statt. Start ist um 13 Uhr an der Musik- und Kongresshalle, so dass dieser Bereich voraussichtlich ab 12.30 Uhr bis etwa 13.30 Uhr gesperrt ist. Die Strecke f\u00fchrt dann \u00fcber den Holstentorplatz und die Untertrave \u00fcber die Beckergrube durch die Innenstadt nach Travem\u00fcnde. W\u00e4hrend dessen wird es immer wieder zu kurzen Streckensperrungen kommen.<\/p>\n","protected":false},"excerpt":{"rendered":"<p>Sperrung der Drehbr\u00fccke vom 20. bis 22. August \u2013 Harley-Ausfahrt am 21. August Von Freitag, 20., bis Sonntag, 22. August<\/p>\n","protected":false},"author":3,"featured_media":0,"comment_status":"open","ping_status":"open","sticky":false,"template":"","format":"standard","meta":{"colormag_page_container_layout":"default_layout","colormag_page_sidebar_layout":"default_layout","footnotes":""},"categories":[20],"tags":[],"class_list":["post-19542","post","type-post","status-publish","format-standard","hentry","category-besondere-neuigkeiten"],"_links":{"self":[{"href":"https:\/\/hier-luebeck.de\/index.php\/wp-json\/wp\/v2\/posts\/19542","targetHints":{"allow":["GET"]}}],"collection":[{"href":"https:\/\/hier-luebeck.de\/index.php\/wp-json\/wp\/v2\/posts"}],"about":[{"href":"https:\/\/hier-luebeck.de\/index.php\/wp-json\/wp\/v2\/types\/post"}],"author":[{"embeddable":true,"href":"https:\/\/hier-luebeck.de\/index.php\/wp-json\/wp\/v2\/users\/3"}],"replies":[{"embeddable":true,"href":"https:\/\/hier-luebeck.de\/index.php\/wp-json\/wp\/v2\/comments?post=19542"}],"version-history":[{"count":0,"href":"https:\/\/hier-luebeck.de\/index.php\/wp-json\/wp\/v2\/posts\/19542\/revisions"}],"wp:attachment":[{"href":"https:\/\/hier-luebeck.de\/index.php\/wp-json\/wp\/v2\/media?parent=19542"}],"wp:term":[{"taxonomy":"category","embeddable":true,"href":"https:\/\/hier-luebeck.de\/index.php\/wp-json\/wp\/v2\/categories?post=19542"},{"taxonomy":"post_tag","embeddable":true,"href":"https:\/\/hier-luebeck.de\/index.php\/wp-json\/wp\/v2\/tags?post=19542"}],"curies":[{"name":"wp","href":"https:\/\/api.w.org\/{rel}","templated":true}]}}