{"id":202515,"date":"2016-06-27T15:50:54","date_gmt":"2016-06-27T13:50:54","guid":{"rendered":"http:\/\/www.hier-luebeck.de\/?p=202515"},"modified":"2016-06-27T15:50:54","modified_gmt":"2016-06-27T13:50:54","slug":"neues-aus-absurdistan","status":"publish","type":"post","link":"https:\/\/hier-luebeck.de\/index.php\/neues-aus-absurdistan\/","title":{"rendered":"Neues aus Absurdistan"},"content":{"rendered":"<p><strong>Neues aus Absurdistan &#8211; \u00a0<\/strong>\u201eMit der Verbilligungsrichtlinie zur F\u00f6rderung des sozialen Wohnungsbaus beim Verkauf st\u00e4dtischer Grundst\u00fccke ist L\u00fcbeck wieder einmal in neue Bereiche von Absurdistan vorgedrungen\u201c, so der FDP-Fraktionsvorsitzende Thomas Rathcke. Angeblich getrieben durch das Bundesministerium f\u00fcr Bauen aus November 2015 hat die Verwaltung eine Vorlage geschaffen, st\u00e4dtische Grundst\u00fccke stark zu subventionieren, sobald dort sozialer Wohnungsbau betrieben wird. <!--more--><\/p>\n<p>Finanzielle Anreize einer hochverschuldeten Stadt in Zeiten von fast Vollbesch\u00e4ftigung in der Baubranche und einer Nullzinspolitk am Kapitalmarkt zu schaffen, erscheint irrational und erweckt den Eindruck, andere Ziele und Absichten zu haben. Das dabei entstehende Defizit beim Verkauf von subventionierten st\u00e4dtischen Grundst\u00fccken gegen\u00fcber dem \u00fcblichen Marktwert fehlt z. B. im Bereich von Schul- oder Stra\u00dfensanierungen. Schnell kommt man so auf einige Millionen, die woanders fehlen!<\/p>\n<p>In diesem Zusammenhang erscheint die von SPD und Gr\u00fcnen\/GAL immer wieder angepriesene Mietpreisbremse fast schon sarkastisch: die Mieten d\u00fcrfen nicht steigen und deshalb subventionieren wir nun die Grundst\u00fccke um an verbilligten Wohnraum zu kommen! Selbstverst\u00e4ndlich auf Kosten der Stadt! Irgendwie m\u00fcssen sich doch die Investoren locken lassen! Dabei steht seit Jahren die Bebauung des Schlachthofgel\u00e4ndes mit sozialem Wohnungsbau bereit und wird gerade von SPD und Gr\u00fcnen\/GAL torpediert! Verkehrte Welt m\u00f6chte man meinen!<\/p>\n<p>Eine solche Marktverzerrung kann nicht erfolgreich sein \u2013 schon gar nicht finanziell f\u00fcr die Stadt. In der Vergangenheit gab es seit Jahren die F\u00f6rderung des Landes z.B. \u00fcber Ma\u00dfnahmen bei der Investitionsbank Schleswig-Holsteins. Selbst Sozialsenator Sven Schindler (SPD) r\u00e4umte Ende April noch ein, dass L\u00fcbeck immerhin den Vorteil habe, die Mietpreise \u00fcber eine st\u00e4dtische Wohnungsbaugesellschaft mitzuregulieren \u00a0 \u00a0 \u00a0 \u00a0 \u00a0 \u00a0 \u00a0 \u00a0 \u00a0 \u00a0 \u00a0 \u00a0 \u00a0 \u00a0 \u00a0 \u00a0 \u00a0 \u00a0 \u00a0 \u00a0 \u00a0 \u00a0 \u00a0 \u00a0 \u00a0 \u00a0 \u00a0 \u00a0 \u00a0 \u00a0 \u00a0 \u00a0 \u00a0 \u00a0 \u00a0 \u00a0 \u00a0 \u00a0 \u00a0 \u00a0 \u00a0 \u00a0 \u00a0 \u00a0 \u00a0(<a href=\"http:\/\/www.ln-online.de\/Nachrichten\/Norddeutschland\/Mietpreisbremse-Regierung-sieht-keinen-Bedarf-in-Luebeck\">http:\/\/www.ln-online.de\/Nachrichten\/Norddeutschland\/Mietpreisbremse-Regierung-sieht-keinen-Bedarf-in-Luebeck<\/a>). Und nun tr\u00e4gt die Verbilligungsrichtlinie seine Unterschrift!<\/p>\n<p>Die FDP-Fraktion lehnt die Vorlage in der kommenden B\u00fcrgerschaftssitzung &#8211; vermutlich als einzige Fraktion &#8211; ab! Dass selbst die CDU diesen Unfug mittr\u00e4gt, zeigt leider einmal mehr, dass diese die rationale und wirtschaftliche Vernunft abermals vermissen l\u00e4sst.<\/p>\n<p>&nbsp;<\/p>\n","protected":false},"excerpt":{"rendered":"<p>Neues aus Absurdistan &#8211;  \u201eMit der Verbilligungsrichtlinie zur F\u00f6rderung des sozialen Wohnungsbaus beim Verkauf st\u00e4dtischer Grundst\u00fccke ist L\u00fcbeck wieder einmal in neue Bereiche von Absurdistan vorgedrungen\u201c, so der FDP-Fraktionsvorsitzende Thomas Rathcke. Angeblich getrieben durch das Bundesministerium f\u00fcr Bauen aus November 2015 hat die Verwaltung eine Vorlage geschaffen, st\u00e4dtische Grundst\u00fccke stark zu subventionieren, sobald dort sozialer Wohnungsbau betrieben wird.<\/p>\n","protected":false},"author":3,"featured_media":0,"comment_status":"open","ping_status":"open","sticky":false,"template":"","format":"standard","meta":{"colormag_page_container_layout":"default_layout","colormag_page_sidebar_layout":"default_layout","footnotes":""},"categories":[5],"tags":[18285],"class_list":["post-202515","post","type-post","status-publish","format-standard","hentry","category-politik-wirtschaft","tag-neues-aus-absurdistan"],"_links":{"self":[{"href":"https:\/\/hier-luebeck.de\/index.php\/wp-json\/wp\/v2\/posts\/202515","targetHints":{"allow":["GET"]}}],"collection":[{"href":"https:\/\/hier-luebeck.de\/index.php\/wp-json\/wp\/v2\/posts"}],"about":[{"href":"https:\/\/hier-luebeck.de\/index.php\/wp-json\/wp\/v2\/types\/post"}],"author":[{"embeddable":true,"href":"https:\/\/hier-luebeck.de\/index.php\/wp-json\/wp\/v2\/users\/3"}],"replies":[{"embeddable":true,"href":"https:\/\/hier-luebeck.de\/index.php\/wp-json\/wp\/v2\/comments?post=202515"}],"version-history":[{"count":1,"href":"https:\/\/hier-luebeck.de\/index.php\/wp-json\/wp\/v2\/posts\/202515\/revisions"}],"predecessor-version":[{"id":202516,"href":"https:\/\/hier-luebeck.de\/index.php\/wp-json\/wp\/v2\/posts\/202515\/revisions\/202516"}],"wp:attachment":[{"href":"https:\/\/hier-luebeck.de\/index.php\/wp-json\/wp\/v2\/media?parent=202515"}],"wp:term":[{"taxonomy":"category","embeddable":true,"href":"https:\/\/hier-luebeck.de\/index.php\/wp-json\/wp\/v2\/categories?post=202515"},{"taxonomy":"post_tag","embeddable":true,"href":"https:\/\/hier-luebeck.de\/index.php\/wp-json\/wp\/v2\/tags?post=202515"}],"curies":[{"name":"wp","href":"https:\/\/api.w.org\/{rel}","templated":true}]}}