{"id":215721,"date":"2016-11-23T15:17:36","date_gmt":"2016-11-23T15:17:36","guid":{"rendered":"http:\/\/www.hier-luebeck.de\/besondere-neuigkeiten\/pol-se-uetersen-mann-vermisst-die-polizei-bittet-um-hinweise-aus-der-bevoelkerung-und-um-verbreitung-durch-die-medien\/"},"modified":"2016-11-23T15:17:36","modified_gmt":"2016-11-23T15:17:36","slug":"pol-se-uetersen-mann-vermisst-die-polizei-bittet-um-hinweise-aus-der-bevoelkerung-und-um-verbreitung-durch-die-medien","status":"publish","type":"post","link":"https:\/\/hier-luebeck.de\/index.php\/pol-se-uetersen-mann-vermisst-die-polizei-bittet-um-hinweise-aus-der-bevoelkerung-und-um-verbreitung-durch-die-medien\/","title":{"rendered":"POL-SE: Uetersen &#8211; Mann vermisst &#8211; Die Polizei bittet um Hinweise aus der Bev\u00f6lkerung und um Verbreitung durch die Medien"},"content":{"rendered":"<p>Bad Segeberg (ots) &#8211;     Seit gestern Morgen wird ein 22-j\u00e4hriger Mann aus Uetersen im  Kreis Pinneberg vermisst. Die Polizei bittet dringend um Hinweise aus der Bev\u00f6lkerung und Verbreitung der Fahndung durch die Medien.     Nach bisherigen Erkenntnissen bestieg Burak A. gestern Morgen um 8 Uhr am Bahnhof Elmshorn einen Zug in Richtung Westerland. Herr A.  soll auf Medikamente angewiesen sein.<!--more-->     Eine Beschreibung des jungen Mannes liegt vor:     Herr A. ist etwa 1,8 Meter gro\u00df und verf\u00fcgt neben einem t\u00fcrkischen \u00e4u\u00dferen Erscheinungsbild und einer hageren Gestalt \u00fcber kurzes  dunkles Haar sowie \u00fcber einen Vollbart. Weiter ist er vermutlich mit  einer wei\u00dfen Jogginghose, einer schwarzen langen Kapuzenjacke und  einer dunklen Wollm\u00fctze bekleidet. Dar\u00fcber hinaus tr\u00e4gt er  lilafarbene Sportschuhe. Herr A. ist Brillentr\u00e4ger, trug jedoch zum  Zeitpunkt seines Verschwindens keine Brille.     Ein Lichtbild der vermissten Person ist dieser Medieninformation  beigef\u00fcgt.     Die Polizei bittet um Mithilfe aus der Bev\u00f6lkerung. Hinweise auf  den derzeitigen Aufenthaltsort der Person bitte umgehend an die 110!     Polizeidirektion Bad Segeberg &#8211; Pressestelle &#8211; Dorfstr. 16-18 23795 Bad Segeberg  Nico M\u00f6ller Telefon: 04551-884-2022 Handy: 0160-3619378 E-Mail: Nico.Moeller@polizei.landsh.de  Original-Content von: Polizeidirektion Bad Segeberg, \u00fcbermittelt durch news aktuell<\/p>\n<p>Quelle: <a href=\"http:\/\/www.presseportal.de\/blaulicht\/pm\/19027\/3491958\" target=\"_blank\">presseportal.de<\/a><\/p>\n","protected":false},"excerpt":{"rendered":"<p>Bad Segeberg (ots) &#8211; Seit gestern Morgen wird ein 22-j\u00e4hriger Mann aus Uetersen im Kreis Pinneberg vermisst. Die Polizei bittet<\/p>\n","protected":false},"author":3,"featured_media":0,"comment_status":"open","ping_status":"open","sticky":false,"template":"","format":"standard","meta":{"colormag_page_container_layout":"default_layout","colormag_page_sidebar_layout":"default_layout","footnotes":""},"categories":[20],"tags":[],"class_list":["post-215721","post","type-post","status-publish","format-standard","hentry","category-besondere-neuigkeiten"],"_links":{"self":[{"href":"https:\/\/hier-luebeck.de\/index.php\/wp-json\/wp\/v2\/posts\/215721","targetHints":{"allow":["GET"]}}],"collection":[{"href":"https:\/\/hier-luebeck.de\/index.php\/wp-json\/wp\/v2\/posts"}],"about":[{"href":"https:\/\/hier-luebeck.de\/index.php\/wp-json\/wp\/v2\/types\/post"}],"author":[{"embeddable":true,"href":"https:\/\/hier-luebeck.de\/index.php\/wp-json\/wp\/v2\/users\/3"}],"replies":[{"embeddable":true,"href":"https:\/\/hier-luebeck.de\/index.php\/wp-json\/wp\/v2\/comments?post=215721"}],"version-history":[{"count":0,"href":"https:\/\/hier-luebeck.de\/index.php\/wp-json\/wp\/v2\/posts\/215721\/revisions"}],"wp:attachment":[{"href":"https:\/\/hier-luebeck.de\/index.php\/wp-json\/wp\/v2\/media?parent=215721"}],"wp:term":[{"taxonomy":"category","embeddable":true,"href":"https:\/\/hier-luebeck.de\/index.php\/wp-json\/wp\/v2\/categories?post=215721"},{"taxonomy":"post_tag","embeddable":true,"href":"https:\/\/hier-luebeck.de\/index.php\/wp-json\/wp\/v2\/tags?post=215721"}],"curies":[{"name":"wp","href":"https:\/\/api.w.org\/{rel}","templated":true}]}}