{"id":21592,"date":"2010-09-28T19:38:20","date_gmt":"2010-09-28T17:38:20","guid":{"rendered":"http:\/\/www.hier-luebeck.de\/2010\/09\/die-linke-diskutiert-uber-neue-regelsatze\/"},"modified":"2010-09-28T20:48:34","modified_gmt":"2010-09-28T18:48:34","slug":"die-linke-diskutiert-uber-neue-regelsatze","status":"publish","type":"post","link":"https:\/\/hier-luebeck.de\/index.php\/die-linke-diskutiert-uber-neue-regelsatze\/","title":{"rendered":"DIE LINKE diskutiert \u00fcber neue Regels\u00e4tze"},"content":{"rendered":"<p><em><em> <\/em><\/em><\/p>\n<p><em><em>Am Mittwoch, den  29.September, 19.00 Uhr,<\/em><\/em> <em><em>diskutiert DIE  LINKE.L\u00fcbeck in ihrer Gesch\u00e4ftstelle Hundestr.14<\/em><\/em> <em><em>die neuen  Regels\u00e4tze.<\/em><\/em><\/p>\n<p>Das Bundesverfassungsgericht hatte  die Bundesregierung verpflichtet, das im Grundgesetz verankerte Grundrecht auf  ein menschenw\u00fcrdiges Existenzminimum in der Hartz IV-Gesetzgebung umzusetzen.  Der Vorschlag wurde jetzt von der schwarz-gelben Bundesregierung der  \u00d6ffentlichkeit vorgestellt. Er\u00a0zeugt von einer menschenverachtenden  Einstellung. <em><em>Die neuen  Regels\u00e4tze sind ein klarer Versto\u00df gegen das Urteil.<\/em><\/em> Mit der \u00a0Erh\u00f6hung k\u00f6nnen die  Betroffenen zweifelsohne auch nicht leben. <em><em>Einleitende  Worte zu den neuen Regels\u00e4tzen gibt Jens Schulz, Vorsitzender des  Sozialausschutzes der Hansestadt L\u00fcbeck bekannt ist und leitet auch die  anschlie\u00dfende Diskussion.<\/em><\/em><em><em> <\/em><\/em><\/p>\n","protected":false},"excerpt":{"rendered":"<p>Am Mittwoch, den 29.September, 19.00 Uhr, diskutiert DIE LINKE.L\u00fcbeck in ihrer Gesch\u00e4ftstelle Hundestr.14 die neuen Regels\u00e4tze. Das Bundesverfassungsgericht hatte die<\/p>\n","protected":false},"author":3,"featured_media":0,"comment_status":"open","ping_status":"open","sticky":false,"template":"","format":"standard","meta":{"colormag_page_container_layout":"default_layout","colormag_page_sidebar_layout":"default_layout","footnotes":""},"categories":[13],"tags":[],"class_list":["post-21592","post","type-post","status-publish","format-standard","hentry","category-veranstaltungen"],"_links":{"self":[{"href":"https:\/\/hier-luebeck.de\/index.php\/wp-json\/wp\/v2\/posts\/21592","targetHints":{"allow":["GET"]}}],"collection":[{"href":"https:\/\/hier-luebeck.de\/index.php\/wp-json\/wp\/v2\/posts"}],"about":[{"href":"https:\/\/hier-luebeck.de\/index.php\/wp-json\/wp\/v2\/types\/post"}],"author":[{"embeddable":true,"href":"https:\/\/hier-luebeck.de\/index.php\/wp-json\/wp\/v2\/users\/3"}],"replies":[{"embeddable":true,"href":"https:\/\/hier-luebeck.de\/index.php\/wp-json\/wp\/v2\/comments?post=21592"}],"version-history":[{"count":0,"href":"https:\/\/hier-luebeck.de\/index.php\/wp-json\/wp\/v2\/posts\/21592\/revisions"}],"wp:attachment":[{"href":"https:\/\/hier-luebeck.de\/index.php\/wp-json\/wp\/v2\/media?parent=21592"}],"wp:term":[{"taxonomy":"category","embeddable":true,"href":"https:\/\/hier-luebeck.de\/index.php\/wp-json\/wp\/v2\/categories?post=21592"},{"taxonomy":"post_tag","embeddable":true,"href":"https:\/\/hier-luebeck.de\/index.php\/wp-json\/wp\/v2\/tags?post=21592"}],"curies":[{"name":"wp","href":"https:\/\/api.w.org\/{rel}","templated":true}]}}