{"id":21600,"date":"2010-09-28T20:45:33","date_gmt":"2010-09-28T18:45:33","guid":{"rendered":"http:\/\/www.hier-luebeck.de\/2010\/09\/pol-rz-stormarn-27-09-2010-montag-bad-oldesloe-49-jahriger-mann-aus-wohneinrichtung-vermisst\/"},"modified":"2010-09-28T20:46:08","modified_gmt":"2010-09-28T18:46:08","slug":"pol-rz-stormarn-27-09-2010-montag-bad-oldesloe-49-jahriger-mann-aus-wohneinrichtung-vermisst","status":"publish","type":"post","link":"https:\/\/hier-luebeck.de\/index.php\/pol-rz-stormarn-27-09-2010-montag-bad-oldesloe-49-jahriger-mann-aus-wohneinrichtung-vermisst\/","title":{"rendered":"POL-RZ: Stormarn\/ 27.09.2010, Montag Bad Oldesloe- 49- j\u00e4hriger Mann aus Wohneinrichtung vermisst!"},"content":{"rendered":"<p>27.09.2010 &#8211; 17:13 Uhr, Polizeidirektion Ratzeburg<\/p>\n<p>Ratzeburg (ots) &#8211; Seit Mittwochabend, den 22.09.10, wird der 49-<br \/>\nj\u00e4hrige Ingo Seibold aus einer Wohneinrichtung in Bad Oldesloe<br \/>\nvermisst. Er war zun\u00e4chst bis zum Donnerstagmorgen nicht<br \/>\nzur\u00fcckgekehrt. Ingo Seibold\u00a0 hatte nach bisherigen Erkenntnissen<br \/>\nzuletzt in der Nacht zum 24.09.2010 in einem L\u00fcbecker M\u00e4nnerheim<br \/>\ngen\u00e4chtigt und war dann von dort aus in unbekannte Richtung allein<br \/>\naufgebrochen. Heute teilte seine Wohneinrichtung mit, dass er am<br \/>\nWochenende auch nicht ins Heim zur\u00fcckgekehrt ist. <!--more-->Telefonisch hat er sich bisher ebenfalls nicht gemeldet. Herr Seibold leidet an einer<br \/>\npsychischen Krankheit und bedarf deshalb dringend seiner Medikamente.<br \/>\nWenn er diese nicht einnimmt, stellt er die Nahrungsaufnahme ein, da<br \/>\ner dann aufgrund von Wahnvorstellungen den Eindruck hat, dass die<br \/>\nLebensmittel vergiftet sind. Eine Lebensgefahr kann nicht<br \/>\nausgeschlossen werden.<\/p>\n<p>Beschreibung des Vermissten:<\/p>\n<p>&#8211; ca. 1,75 Meter gro\u00df<br \/>\n&#8211; dunkelblonde bis schwarze Haare<br \/>\n&#8211; blaugr\u00fcne Augen<br \/>\n&#8211; aufgrund zeitlanger Nahrungsverweigerung sehr magerere Gestalt<br \/>\nund schlechte Z\u00e4hne<br \/>\n&#8211; dunkelbraune Cordhose, blau- gr\u00fcnes Hemd\/ Jacke? In die Hose<br \/>\ngesteckt<br \/>\n&#8211; bl\u00e4ulicher voll gepackter Wanderrucksack (\u00e4hnlich eines alten<br \/>\nBundeswehrrucksacks)<br \/>\n&#8211; braune Wanderstiefel<\/p>\n<p>Herr Seibold \u00e4u\u00dferte in j\u00fcngster Vergangenheit, dass er Wanderlust<br \/>\nversp\u00fcre und deshalb weglaufen wolle. Ein Ziel hatte er nicht<br \/>\ngenannt. Er bekommt regelm\u00e4\u00dfig Geld auf sein Konto \u00fcberwiesen, so<br \/>\ndass es nicht ausgeschlossen ist, dass er mit \u00f6ffentlichen<br \/>\nVerkehrsmitteln unterwegs ist. Seine Eltern leben im s\u00fcddeutschen<br \/>\nRaum und hatten in j\u00fcngster Zeit keinen Kontakt zu ihrem Sohn.<br \/>\nAuff\u00e4llig an Herrn Seibold ist, dass er teilweise in eine Starre<br \/>\nversinke und stundenlang auf einer Stelle stehen bleibe. Dabei gucke<br \/>\ner in die Luft und es wirke, als ob er sich mit jemandem unterhalte.<br \/>\nEine Gefahr f\u00fcr andere bestehe nicht.<\/p>\n<p>Wer Hinweise zu dem Aufenthaltsort des Ingo Seibold geben kann<br \/>\noder ihn nach dem 24.09.2010 noch irgendwo gesehen hat, melde sich<br \/>\nbitte dringend an die Kriminalpolizeistelle Bad Oldesloe unter der<br \/>\nRufnummer 04531\/ 501- 0 oder an jede andere Polizeidienststelle.<\/p>\n","protected":false},"excerpt":{"rendered":"<p>27.09.2010 &#8211; 17:13 Uhr, Polizeidirektion Ratzeburg Ratzeburg (ots) &#8211; Seit Mittwochabend, den 22.09.10, wird der 49- j\u00e4hrige Ingo Seibold aus<\/p>\n","protected":false},"author":3,"featured_media":0,"comment_status":"open","ping_status":"open","sticky":false,"template":"","format":"standard","meta":{"colormag_page_container_layout":"default_layout","colormag_page_sidebar_layout":"default_layout","footnotes":""},"categories":[14],"tags":[],"class_list":["post-21600","post","type-post","status-publish","format-standard","hentry","category-tipps-informationen"],"_links":{"self":[{"href":"https:\/\/hier-luebeck.de\/index.php\/wp-json\/wp\/v2\/posts\/21600","targetHints":{"allow":["GET"]}}],"collection":[{"href":"https:\/\/hier-luebeck.de\/index.php\/wp-json\/wp\/v2\/posts"}],"about":[{"href":"https:\/\/hier-luebeck.de\/index.php\/wp-json\/wp\/v2\/types\/post"}],"author":[{"embeddable":true,"href":"https:\/\/hier-luebeck.de\/index.php\/wp-json\/wp\/v2\/users\/3"}],"replies":[{"embeddable":true,"href":"https:\/\/hier-luebeck.de\/index.php\/wp-json\/wp\/v2\/comments?post=21600"}],"version-history":[{"count":0,"href":"https:\/\/hier-luebeck.de\/index.php\/wp-json\/wp\/v2\/posts\/21600\/revisions"}],"wp:attachment":[{"href":"https:\/\/hier-luebeck.de\/index.php\/wp-json\/wp\/v2\/media?parent=21600"}],"wp:term":[{"taxonomy":"category","embeddable":true,"href":"https:\/\/hier-luebeck.de\/index.php\/wp-json\/wp\/v2\/categories?post=21600"},{"taxonomy":"post_tag","embeddable":true,"href":"https:\/\/hier-luebeck.de\/index.php\/wp-json\/wp\/v2\/tags?post=21600"}],"curies":[{"name":"wp","href":"https:\/\/api.w.org\/{rel}","templated":true}]}}