{"id":21750,"date":"2010-09-30T17:49:17","date_gmt":"2010-09-30T15:49:17","guid":{"rendered":"http:\/\/www.hier-luebeck.de\/?p=21750"},"modified":"2010-09-30T17:49:17","modified_gmt":"2010-09-30T15:49:17","slug":"travemunde-die-ersten-herbstdrachen-sind-da","status":"publish","type":"post","link":"https:\/\/hier-luebeck.de\/index.php\/travemunde-die-ersten-herbstdrachen-sind-da\/","title":{"rendered":"Travem\u00fcnde &#8211; die ersten Herbstdrachen sind da!"},"content":{"rendered":"<table>\n<tbody>\n<tr>\n<td width=\"100%\"><\/td>\n<td width=\"100%\" align=\"right\"><\/td>\n<td width=\"100%\" align=\"right\"><\/td>\n<\/tr>\n<\/tbody>\n<\/table>\n<table>\n<tbody>\n<tr>\n<td colspan=\"2\" valign=\"top\"><\/td>\n<\/tr>\n<tr>\n<td colspan=\"2\" valign=\"top\">\n<div>\n<div><a href=\"http:\/\/www.luebecknews.de\/images\/stories\/2010\/Events\/drachenfest_travemuende_2010_findus.jpg\" target=\"_blank\"><img loading=\"lazy\" decoding=\"async\" title=\"Findus ist dabei\" src=\"http:\/\/www.luebecknews.de\/images\/thumbnails\/2010\/Events\/drachenfest_travemuende_2010_findus_a3816abd0decaebca5c67e712afa0b19.jpg\" border=\"1\" alt=\"Findus ist dabei\" hspace=\"6\" width=\"150\" height=\"150\" \/><\/a><\/p>\n<div>Findus ist dabei<\/div>\n<\/div>\n<p><strong>Drachenfest in Travem\u00fcnde startet heute mit Aufbau und freiem Flugtag<br \/>\n<\/strong><br \/>\nPettersson  und Findus, ein Delphin, Schl\u00fcmpfe, K\u00e4pt\u2019n Blaub\u00e4r, Seerobben und ein  riesiger Octopus: Lutz Trecczoks und seine Drachenfreunde haben sich f\u00fcr  das Herbstdrachenfest in Travem\u00fcnde vom 1. bis 3. Oktober 2010 wieder  einiges einfallen lassen. Mit dem bunten Drachenwochenende beginnt in  Travem\u00fcnde traditionell die Herbstsaison, wenn ein Schwarm von Drachen  der verschiedensten Farben und Formen den\u00a0Himmel von Travem\u00fcnde  bev\u00f6lkert. Schon heute \u2013 am Donnerstag, 30. September &#8211; k\u00f6nnen  Drachenfreunde ihre eigenen Drachen steigen lassen, w\u00e4hrend die  professionellen Drachenk\u00fcnstler anreisen und sicher schon den einen oder  anderen Probeflug starten.<!--more--><\/div>\n<div>\nHochmoderne  bis historische\u00a0Drachen\u00a0sind zu Gast am Strandhimmel von Travem\u00fcnde und  lassen nicht nur Kinderherzen h\u00f6her schlagen. \u201eIm Mittelpunkt des  Drachenfestes stehen in diesem Jahr Drachenmotive und Aktionen f\u00fcr die  ganze Familie\u201c, freut sich Andrea Gastager, Gesch\u00e4ftsf\u00fchrerin der L\u00fcbeck  und Travem\u00fcnde Marketing GmbH, auf das himmlische Drachenwochenende,  \u201einternationale Drachenk\u00fcnstler pr\u00e4sentieren ihre fliegenden  Drachenbilder.\u201c<\/p>\n<p>Heute sind alle, die einen Drachen haben,  herzlich eingeladen, am \u201efreien Flugtag\u201c mitzumachen und ihre eigenen  Gebilde steigen zu lassen. Morgen \u2013 am Freitag, den 1. Oktober &#8211; tummeln  sich die kunstvollen Figuren der Drachenk\u00fcnstler am Strandhimmel von  Travem\u00fcnde. Am Sonnabend und Sonntag stehen dann ab 10.00 Uhr  Drachenshows und Pr\u00e4sentationen der Drachenk\u00fcnstler auf dem Programm.  Vor Ort moderiert wieder der Berliner Drachenexperten Alfons Kasten. Das  Drachenteam von Sonja und Dirk Kr\u00fcger zeigt seine beiden beliebten  Drachenfiguren \u201ePettersson\u201c und \u201eFindus\u201c und das Team \u201eBlue Sky\u201c aus  Luxemburg l\u00e4sst ihren 15m gro\u00dfen Delphin in die L\u00fcfte steigen. Auch die  Seerobbenkette von Klaus K\u00f6ppe flattert schwerelos im Wind und die  Design-Drachen von Henk Boelens aus den Niederlanden sorgen f\u00fcr  besondere Hingucker am Strand. Dazu beeindruckt der 50m lange Octopus  von den Drachenfreunden aus Berlin und es lacht der 15m lange Schlumpf  vom \u201eTeam 8er Kites\u201c. Auch K\u00e4pt\u2019n Blaub\u00e4r stellt sich ein!<\/p>\n<div>Zuschauer  haben auf der Strandpromenade die besten Pl\u00e4tze, um das bunte Geschehen  am Strand zu verfolgen. F\u00fcr das leibliche Wohl ist gesorgt und Clown  \u201eMalino\u201c unterh\u00e4lt mit seinen lustigen Sp\u00e4\u00dfen. F\u00fcr kleine Drachenfreunde  gibt es ein tolles Bastelprogramm: im Spielmobil im Br\u00fcgmanngarten  k\u00f6nnen Kinder unter Anleitung ihre eigenen Drachen und Drachenketten  bauen.<\/div>\n<div>Das Herbstdrachenfest ist eine Veranstaltung der  L\u00fcbeck und Travem\u00fcnde Marketing GmbH in Zusammenarbeit mit dem  Drachenexperten Lutz Treczoks vom \u201eTeam 8er Kites\u201c und der Firma EPM  Concept. Eintritt frei.<\/div>\n<\/div>\n<\/td>\n<\/tr>\n<\/tbody>\n<\/table>\n<p>\ufeff<\/p>\n","protected":false},"excerpt":{"rendered":"<p>Findus ist dabei Drachenfest in Travem\u00fcnde startet heute mit Aufbau und freiem Flugtag Pettersson und Findus, ein Delphin, Schl\u00fcmpfe, K\u00e4pt\u2019n<\/p>\n","protected":false},"author":3,"featured_media":0,"comment_status":"open","ping_status":"open","sticky":false,"template":"","format":"standard","meta":{"colormag_page_container_layout":"default_layout","colormag_page_sidebar_layout":"default_layout","footnotes":""},"categories":[20],"tags":[],"class_list":["post-21750","post","type-post","status-publish","format-standard","hentry","category-besondere-neuigkeiten"],"_links":{"self":[{"href":"https:\/\/hier-luebeck.de\/index.php\/wp-json\/wp\/v2\/posts\/21750","targetHints":{"allow":["GET"]}}],"collection":[{"href":"https:\/\/hier-luebeck.de\/index.php\/wp-json\/wp\/v2\/posts"}],"about":[{"href":"https:\/\/hier-luebeck.de\/index.php\/wp-json\/wp\/v2\/types\/post"}],"author":[{"embeddable":true,"href":"https:\/\/hier-luebeck.de\/index.php\/wp-json\/wp\/v2\/users\/3"}],"replies":[{"embeddable":true,"href":"https:\/\/hier-luebeck.de\/index.php\/wp-json\/wp\/v2\/comments?post=21750"}],"version-history":[{"count":0,"href":"https:\/\/hier-luebeck.de\/index.php\/wp-json\/wp\/v2\/posts\/21750\/revisions"}],"wp:attachment":[{"href":"https:\/\/hier-luebeck.de\/index.php\/wp-json\/wp\/v2\/media?parent=21750"}],"wp:term":[{"taxonomy":"category","embeddable":true,"href":"https:\/\/hier-luebeck.de\/index.php\/wp-json\/wp\/v2\/categories?post=21750"},{"taxonomy":"post_tag","embeddable":true,"href":"https:\/\/hier-luebeck.de\/index.php\/wp-json\/wp\/v2\/tags?post=21750"}],"curies":[{"name":"wp","href":"https:\/\/api.w.org\/{rel}","templated":true}]}}