{"id":21752,"date":"2010-09-30T17:52:22","date_gmt":"2010-09-30T15:52:22","guid":{"rendered":"http:\/\/www.hier-luebeck.de\/?p=21752"},"modified":"2010-09-30T17:52:22","modified_gmt":"2010-09-30T15:52:22","slug":"baustellen-in-wesloer-weg-und-wesloer-strase","status":"publish","type":"post","link":"https:\/\/hier-luebeck.de\/index.php\/baustellen-in-wesloer-weg-und-wesloer-strase\/","title":{"rendered":"Baustellen in Wesloer Weg und Wesloer Stra\u00dfe"},"content":{"rendered":"<p>Asphaltierungsarbeiten ab Freitagabend \u2013 Umleitungen eingerichtet<\/p>\n<p>Der Abschnitt Mecklenburger Stra\u00dfe bis Wesloer Landstra\u00dfe des B 104, Wesloer Weges (B 104) wird von Freitag, 1. Oktober, 20 Uhr, bis Sonnabend, 2. Oktober, asphaltiert. Der Streckenabschnitt wird in dieser Zeit voll gesperrt.<!--more--> Die Umleitung erfolgt \u00fcber Travem\u00fcnder Allee, Heiligen-Geist-Kamp, Arnimstra\u00dfe.<\/p>\n<p>Die Wesloer Stra\u00dfe wird im Abschnitt von der Einm\u00fcndung nach Mecklenburg (B 104) bis zur Rastattstra\u00dfe am Sonntag asphaltiert: Die Stra\u00dfe ist daher gesperrt. Die Umleitung erfolgt \u00fcber Wesloer Weg und Mecklenburger Stra\u00dfe.<\/p>\n<p>Hinweis: Witterungsbedingt k\u00f6nnen sich die Arbeiten zeitlich verschieben; Vorarbeiten k\u00f6nnen ggf. schon vorher stattfinden.<\/p>\n","protected":false},"excerpt":{"rendered":"<p>Asphaltierungsarbeiten ab Freitagabend \u2013 Umleitungen eingerichtet Der Abschnitt Mecklenburger Stra\u00dfe bis Wesloer Landstra\u00dfe des B 104, Wesloer Weges (B 104)<\/p>\n","protected":false},"author":3,"featured_media":0,"comment_status":"open","ping_status":"open","sticky":false,"template":"","format":"standard","meta":{"colormag_page_container_layout":"default_layout","colormag_page_sidebar_layout":"default_layout","footnotes":""},"categories":[20],"tags":[],"class_list":["post-21752","post","type-post","status-publish","format-standard","hentry","category-besondere-neuigkeiten"],"_links":{"self":[{"href":"https:\/\/hier-luebeck.de\/index.php\/wp-json\/wp\/v2\/posts\/21752","targetHints":{"allow":["GET"]}}],"collection":[{"href":"https:\/\/hier-luebeck.de\/index.php\/wp-json\/wp\/v2\/posts"}],"about":[{"href":"https:\/\/hier-luebeck.de\/index.php\/wp-json\/wp\/v2\/types\/post"}],"author":[{"embeddable":true,"href":"https:\/\/hier-luebeck.de\/index.php\/wp-json\/wp\/v2\/users\/3"}],"replies":[{"embeddable":true,"href":"https:\/\/hier-luebeck.de\/index.php\/wp-json\/wp\/v2\/comments?post=21752"}],"version-history":[{"count":0,"href":"https:\/\/hier-luebeck.de\/index.php\/wp-json\/wp\/v2\/posts\/21752\/revisions"}],"wp:attachment":[{"href":"https:\/\/hier-luebeck.de\/index.php\/wp-json\/wp\/v2\/media?parent=21752"}],"wp:term":[{"taxonomy":"category","embeddable":true,"href":"https:\/\/hier-luebeck.de\/index.php\/wp-json\/wp\/v2\/categories?post=21752"},{"taxonomy":"post_tag","embeddable":true,"href":"https:\/\/hier-luebeck.de\/index.php\/wp-json\/wp\/v2\/tags?post=21752"}],"curies":[{"name":"wp","href":"https:\/\/api.w.org\/{rel}","templated":true}]}}