{"id":21879,"date":"2010-10-05T08:42:35","date_gmt":"2010-10-05T06:42:35","guid":{"rendered":"http:\/\/www.hier-luebeck.de\/?p=21879"},"modified":"2010-10-05T08:42:35","modified_gmt":"2010-10-05T06:42:35","slug":"cdu-ortsverband-innenstadt-wahlt-neuen-vorstand","status":"publish","type":"post","link":"https:\/\/hier-luebeck.de\/index.php\/cdu-ortsverband-innenstadt-wahlt-neuen-vorstand\/","title":{"rendered":"CDU-Ortsverband Innenstadt w\u00e4hlt neuen Vorstand"},"content":{"rendered":"<p>L\u00fcbeck, Turnusgem\u00e4\u00df hat der Ortsverband Innenstadt der L\u00fcbecker CDU einen neuen Vorstand gew\u00e4hlt. Der bisherige Vorsitzende des Ortsverbandes, B\u00fcrgerschaftsmitglied Dirk Freitag, kandidierte nach f\u00fcnf Jahren Amtszeit nicht erneut f\u00fcr den Vorsitz und nahm den Dank der Mitgliederversammlung f\u00fcr die erfolgreiche Amtsf\u00fchrung entgegen. Allein in den letzten beiden Jahren hat der Ortsverband fast 40 Veranstaltungen angeboten.<!--more--><\/p>\n<p>Zum neuen Vorsitzenden wurde anschlie\u00dfend einstimmig der Gesch\u00e4ftsf\u00fchrer der CDU-Fraktion in der L\u00fcbecker B\u00fcrgerschaft Oliver Fraederich gew\u00e4hlt. Ebenfalls einstimmig votierten die Mitglieder f\u00fcr seinen Vorg\u00e4nger Dirk Freitag und Silke Theuerkauff als stellvertretende Vorsitzende des Ortsverbandes.<\/p>\n<p>Den Vorstand komplettieren als Beisitzer (in der Reihenfolge der abgegebenen Stimmen) B\u00fcrgerschaftsmitglied Henning Stabe, Michael B\u00f6ge, Dr. Heiner Freiesleben, J\u00fcrgen Schmidt, J\u00fcrgen Struck und Sven Theuerkauff.<\/p>\n<p>F\u00fcr die n\u00e4chsten Jahre plant der Ortsverband neue Veranstaltungsformen und eine intensivere Kommunikation mit den Menschen, die im Zentrum L\u00fcbecks wohnen und arbeiten. Hierzu erkl\u00e4rt der neue Vorsitzende Oliver Fraederich:<\/p>\n<p>\u201eAuf der L\u00fcbecker Altstadtinsel finden wir alle Vorteile eines Oberzentrums in konzentrierter Form. Die Innenstadt ist spannend und vielf\u00e4ltig: die verschiedenen Religionen, das Ehrenamt, soziale und kulturelle Einrichtungen, nicht zuletzt Einzelhandel und Tourismus \u2013 sie pr\u00e4gen die Innenstadt wie keinen zweiten Stadtteil.<\/p>\n<p>Wir wollen uns daher vornehmen, mit den unterschiedlichen Facetten des Alltags in der Innenstadt st\u00e4rker in Kontakt zu treten. Nur durch Sichtbarkeit und Ansprechbarkeit vor Ort kann die CDU ihren Status als Volkspartei erhalten und wieder ausbauen.\u201c<\/p>\n","protected":false},"excerpt":{"rendered":"<p>L\u00fcbeck, Turnusgem\u00e4\u00df hat der Ortsverband Innenstadt der L\u00fcbecker CDU einen neuen Vorstand gew\u00e4hlt. Der bisherige Vorsitzende des Ortsverbandes, B\u00fcrgerschaftsmitglied Dirk<\/p>\n","protected":false},"author":3,"featured_media":0,"comment_status":"open","ping_status":"open","sticky":false,"template":"","format":"standard","meta":{"colormag_page_container_layout":"default_layout","colormag_page_sidebar_layout":"default_layout","footnotes":""},"categories":[20],"tags":[],"class_list":["post-21879","post","type-post","status-publish","format-standard","hentry","category-besondere-neuigkeiten"],"_links":{"self":[{"href":"https:\/\/hier-luebeck.de\/index.php\/wp-json\/wp\/v2\/posts\/21879","targetHints":{"allow":["GET"]}}],"collection":[{"href":"https:\/\/hier-luebeck.de\/index.php\/wp-json\/wp\/v2\/posts"}],"about":[{"href":"https:\/\/hier-luebeck.de\/index.php\/wp-json\/wp\/v2\/types\/post"}],"author":[{"embeddable":true,"href":"https:\/\/hier-luebeck.de\/index.php\/wp-json\/wp\/v2\/users\/3"}],"replies":[{"embeddable":true,"href":"https:\/\/hier-luebeck.de\/index.php\/wp-json\/wp\/v2\/comments?post=21879"}],"version-history":[{"count":0,"href":"https:\/\/hier-luebeck.de\/index.php\/wp-json\/wp\/v2\/posts\/21879\/revisions"}],"wp:attachment":[{"href":"https:\/\/hier-luebeck.de\/index.php\/wp-json\/wp\/v2\/media?parent=21879"}],"wp:term":[{"taxonomy":"category","embeddable":true,"href":"https:\/\/hier-luebeck.de\/index.php\/wp-json\/wp\/v2\/categories?post=21879"},{"taxonomy":"post_tag","embeddable":true,"href":"https:\/\/hier-luebeck.de\/index.php\/wp-json\/wp\/v2\/tags?post=21879"}],"curies":[{"name":"wp","href":"https:\/\/api.w.org\/{rel}","templated":true}]}}