{"id":21885,"date":"2010-10-05T09:31:59","date_gmt":"2010-10-05T07:31:59","guid":{"rendered":"http:\/\/www.hier-luebeck.de\/?p=21885"},"modified":"2010-10-05T09:31:59","modified_gmt":"2010-10-05T07:31:59","slug":"erklarung-des-bundesinnenministers-zu-den-jungsten-reisehinweisen","status":"publish","type":"post","link":"https:\/\/hier-luebeck.de\/index.php\/erklarung-des-bundesinnenministers-zu-den-jungsten-reisehinweisen\/","title":{"rendered":"Erkl\u00e4rung des Bundesinnenministers zu den j\u00fcngsten Reisehinweisen"},"content":{"rendered":"<p>Der Bundesminister des Innern, Dr. Thomas de Maizi\u00e8re, hat vor dem Hintergrund der j\u00fcngsten Reisehinweise US-amerikanischer und anderer ausl\u00e4ndischer Beh\u00f6rden gestern um 14:00 Uhr  in Berlin eine \u00f6ffentliche Stellungnahme abgegeben. Wir dokumentieren die Erkl\u00e4rung des Bundesinnenministers im Wortlaut:<!--more--><\/p>\n<p>&#8222;Vor dem Hintergrund der aktuellen Reisehinweise der Vereinigten Staaten, und jetzt auch von Japan, die ja keine Reisewarnungen sind, sondern Reisehinweise, habe ich mich heute Morgen im gemeinsamen Terror-Abwehrzentrum Deutschlands von den Pr\u00e4sidenten unserer Sicherheitsbeh\u00f6rden erneut \u00fcber die derzeitige Sicherheits- und Gef\u00e4hrdungslage informieren lassen. Diese kann ich wie folgt zusammenfassen:<\/p>\n<p>Seit Fr\u00fchjahr 2009 liegen Hinweise darauf vor, wonach die Terrororganisation Al-Qaida l\u00e4ngerfristig plane, Anschl\u00e4ge in den USA, in Europa und auch in Deutschland zu begehen. Diese Hinweise ergeben sich aus nachrichtendienstlichem Aufkommen und werden von den Bundessicherheitsbeh\u00f6rden und den L\u00e4ndern mit der gebotenen Intensit\u00e4t, mit der gebotenen Sensibilit\u00e4t und mit dem Wissen, dass seit Jahren erworben worden ist um die Gef\u00e4hrder in Deutschland, analysiert und bewertet.<\/p>\n<p>Wie Sie wissen, ist es k\u00fcrzlich auch zu Verhaftungen im Ausland auch in diesem Zusammenhang gekommen.<\/p>\n<p>Unsere Bundessicherheitsbeh\u00f6rden stehen seit Wochen in engstem Austausch mit unseren internationalen Partnern. Dies gilt auch f\u00fcr mich pers\u00f6nlich. Wir nutzen alle zur Verf\u00fcgung stehenden Erkenntnisquellen.<\/p>\n<p>Im Ergebnis liegen gegenw\u00e4rtig keine konkreten Hinweise auf unmittelbar bevorstehende Anschl\u00e4ge in Deutschland vor. Es besteht jedoch eine hohe abstrakte Gef\u00e4hrdung, wonach sich deutsche Interessen im In- und Ausland seit l\u00e4ngerem im Zielpunkt des internationalen Terrorismus befinden. Wir nehmen alle Hinweise sehr ernst und gehen ihnen mit hoher Intensit\u00e4t nach.<\/p>\n<p>Ich bitte um Verst\u00e4ndnis, dass ich an dieser Stelle die einzelnen Ma\u00dfnahmen unserer Beh\u00f6rden nicht detailliert darstellen kann und will, auch um deren Erfolg nicht zu gef\u00e4hrden. Sie k\u00f6nnen aber sicher sein, dass erstens alle Erkenntnisse in die Bewertung der Lage einflie\u00dfen und zweitens, dass diese Erkenntnisse zu lageanpassten Ma\u00dfnahmen jetzt und in Zukunft f\u00fchren.<\/p>\n<p>F\u00fcr Alarmismus besteht jedenfalls zur Zeit kein Anlass.&#8220;<\/p>\n","protected":false},"excerpt":{"rendered":"<p>Der Bundesminister des Innern, Dr. Thomas de Maizi\u00e8re, hat vor dem Hintergrund der j\u00fcngsten Reisehinweise US-amerikanischer und anderer ausl\u00e4ndischer Beh\u00f6rden<\/p>\n","protected":false},"author":3,"featured_media":0,"comment_status":"open","ping_status":"open","sticky":false,"template":"","format":"standard","meta":{"colormag_page_container_layout":"default_layout","colormag_page_sidebar_layout":"default_layout","footnotes":""},"categories":[20],"tags":[],"class_list":["post-21885","post","type-post","status-publish","format-standard","hentry","category-besondere-neuigkeiten"],"_links":{"self":[{"href":"https:\/\/hier-luebeck.de\/index.php\/wp-json\/wp\/v2\/posts\/21885","targetHints":{"allow":["GET"]}}],"collection":[{"href":"https:\/\/hier-luebeck.de\/index.php\/wp-json\/wp\/v2\/posts"}],"about":[{"href":"https:\/\/hier-luebeck.de\/index.php\/wp-json\/wp\/v2\/types\/post"}],"author":[{"embeddable":true,"href":"https:\/\/hier-luebeck.de\/index.php\/wp-json\/wp\/v2\/users\/3"}],"replies":[{"embeddable":true,"href":"https:\/\/hier-luebeck.de\/index.php\/wp-json\/wp\/v2\/comments?post=21885"}],"version-history":[{"count":0,"href":"https:\/\/hier-luebeck.de\/index.php\/wp-json\/wp\/v2\/posts\/21885\/revisions"}],"wp:attachment":[{"href":"https:\/\/hier-luebeck.de\/index.php\/wp-json\/wp\/v2\/media?parent=21885"}],"wp:term":[{"taxonomy":"category","embeddable":true,"href":"https:\/\/hier-luebeck.de\/index.php\/wp-json\/wp\/v2\/categories?post=21885"},{"taxonomy":"post_tag","embeddable":true,"href":"https:\/\/hier-luebeck.de\/index.php\/wp-json\/wp\/v2\/tags?post=21885"}],"curies":[{"name":"wp","href":"https:\/\/api.w.org\/{rel}","templated":true}]}}