{"id":22131,"date":"2010-10-10T17:47:43","date_gmt":"2010-10-10T15:47:43","guid":{"rendered":"http:\/\/www.hier-luebeck.de\/2010\/10\/mehr-als-eintausend-starter-beim-citylauf-lubeck-2\/"},"modified":"2010-10-11T11:31:23","modified_gmt":"2010-10-11T09:31:23","slug":"mehr-als-eintausend-starter-beim-citylauf-lubeck-2","status":"publish","type":"post","link":"https:\/\/hier-luebeck.de\/index.php\/mehr-als-eintausend-starter-beim-citylauf-lubeck-2\/","title":{"rendered":"Mehr als eintausend Starter beim Citylauf L\u00fcbeck"},"content":{"rendered":"<p>L\u00fcbeck &#8211; P\u00fcnktlich um 12 Uhr fiel der Startschuss in L\u00fcbeck zur 23. Auflage des Citylaufs. Allein f\u00fcr den Hauptlauf \u00fcber 11,3  Kilometer rund um die L\u00fcbecker T\u00fcrme hatten sich 845 Leichtathleten angemeldet.  An der Veranstaltung mit s\u00e4mtlichen Wettbewerben nahmen mehr als 1100  L\u00e4ufer teil. Zudem wurden L\u00e4ufe \u00fcber 5,2  und 1,8 Kilometer angeboten. \u00dcber die kurze Distanz fand auch ein  Einradrennen statt, f\u00fcr dass sich insgesamt 43 Athleten angemeldet  hatten.<!--more--><strong><\/p>\n<p>Sieger im Hauptlauf wurden:<\/strong><\/p>\n<p>1. Michalak,Claudius Bad Segeberg 00:37:47<br \/>\n2. Eurich,Benjamin LG Wedel-Pinneberg 00:38:39<br \/>\n3. Deecke,Florian L\u00fcbeck\u00a0 00:38:43<\/p>\n<p><a href=\"http:\/\/www.hier-luebeck.de\/wp-content\/uploads\/2010\/10\/tbf101010_Start-23.Cittylauf-in-Luebeck_Freywald_018.jpg\"><img loading=\"lazy\" decoding=\"async\" class=\"alignleft size-full wp-image-22137\" title=\"tbf101010_Start-23.Cittylauf-in-Luebeck_Freywald_018\" src=\"http:\/\/www.hier-luebeck.de\/wp-content\/uploads\/2010\/10\/tbf101010_Start-23.Cittylauf-in-Luebeck_Freywald_018.jpg\" alt=\"\" width=\"500\" height=\"332\" srcset=\"https:\/\/hier-luebeck.de\/wp-content\/uploads\/2010\/10\/tbf101010_Start-23.Cittylauf-in-Luebeck_Freywald_018.jpg 500w, https:\/\/hier-luebeck.de\/wp-content\/uploads\/2010\/10\/tbf101010_Start-23.Cittylauf-in-Luebeck_Freywald_018-320x212.jpg 320w, https:\/\/hier-luebeck.de\/wp-content\/uploads\/2010\/10\/tbf101010_Start-23.Cittylauf-in-Luebeck_Freywald_018-426x282.jpg 426w\" sizes=\"auto, (max-width: 500px) 100vw, 500px\" \/><\/a><\/p>\n<p><a href=\"http:\/\/www.hier-luebeck.de\/wp-content\/uploads\/2010\/10\/tbf101010_Start-23.Cittylauf-in-Luebeck_Freywald_020.jpg\"><img loading=\"lazy\" decoding=\"async\" class=\"alignleft size-full wp-image-22134\" title=\"tbf101010_Start-23.Cittylauf-in-Luebeck_Freywald_020\" src=\"http:\/\/www.hier-luebeck.de\/wp-content\/uploads\/2010\/10\/tbf101010_Start-23.Cittylauf-in-Luebeck_Freywald_020.jpg\" alt=\"\" width=\"500\" height=\"332\" srcset=\"https:\/\/hier-luebeck.de\/wp-content\/uploads\/2010\/10\/tbf101010_Start-23.Cittylauf-in-Luebeck_Freywald_020.jpg 500w, https:\/\/hier-luebeck.de\/wp-content\/uploads\/2010\/10\/tbf101010_Start-23.Cittylauf-in-Luebeck_Freywald_020-320x212.jpg 320w, https:\/\/hier-luebeck.de\/wp-content\/uploads\/2010\/10\/tbf101010_Start-23.Cittylauf-in-Luebeck_Freywald_020-426x282.jpg 426w\" sizes=\"auto, (max-width: 500px) 100vw, 500px\" \/><\/a><\/p>\n","protected":false},"excerpt":{"rendered":"<p>L\u00fcbeck &#8211; P\u00fcnktlich um 12 Uhr fiel der Startschuss in L\u00fcbeck zur 23. Auflage des Citylaufs. Allein f\u00fcr den Hauptlauf<\/p>\n","protected":false},"author":3,"featured_media":0,"comment_status":"open","ping_status":"open","sticky":false,"template":"","format":"standard","meta":{"colormag_page_container_layout":"default_layout","colormag_page_sidebar_layout":"default_layout","footnotes":""},"categories":[13],"tags":[],"class_list":["post-22131","post","type-post","status-publish","format-standard","hentry","category-veranstaltungen"],"_links":{"self":[{"href":"https:\/\/hier-luebeck.de\/index.php\/wp-json\/wp\/v2\/posts\/22131","targetHints":{"allow":["GET"]}}],"collection":[{"href":"https:\/\/hier-luebeck.de\/index.php\/wp-json\/wp\/v2\/posts"}],"about":[{"href":"https:\/\/hier-luebeck.de\/index.php\/wp-json\/wp\/v2\/types\/post"}],"author":[{"embeddable":true,"href":"https:\/\/hier-luebeck.de\/index.php\/wp-json\/wp\/v2\/users\/3"}],"replies":[{"embeddable":true,"href":"https:\/\/hier-luebeck.de\/index.php\/wp-json\/wp\/v2\/comments?post=22131"}],"version-history":[{"count":0,"href":"https:\/\/hier-luebeck.de\/index.php\/wp-json\/wp\/v2\/posts\/22131\/revisions"}],"wp:attachment":[{"href":"https:\/\/hier-luebeck.de\/index.php\/wp-json\/wp\/v2\/media?parent=22131"}],"wp:term":[{"taxonomy":"category","embeddable":true,"href":"https:\/\/hier-luebeck.de\/index.php\/wp-json\/wp\/v2\/categories?post=22131"},{"taxonomy":"post_tag","embeddable":true,"href":"https:\/\/hier-luebeck.de\/index.php\/wp-json\/wp\/v2\/tags?post=22131"}],"curies":[{"name":"wp","href":"https:\/\/api.w.org\/{rel}","templated":true}]}}