{"id":22332,"date":"2010-10-13T14:34:05","date_gmt":"2010-10-13T12:34:05","guid":{"rendered":"http:\/\/www.hier-luebeck.de\/2010\/10\/minister-schlie-kommt-uber-kleinliche-lubecker-kondom-kritik-nicht-hinaus\/"},"modified":"2010-10-13T14:35:08","modified_gmt":"2010-10-13T12:35:08","slug":"minister-schlie-kommt-uber-kleinliche-lubecker-kondom-kritik-nicht-hinaus","status":"publish","type":"post","link":"https:\/\/hier-luebeck.de\/index.php\/minister-schlie-kommt-uber-kleinliche-lubecker-kondom-kritik-nicht-hinaus\/","title":{"rendered":"Minister Schlie kommt \u00fcber kleinliche L\u00fcbecker Kondom-Kritik nicht hinaus"},"content":{"rendered":"<p><a href=\"http:\/\/www.hier-luebeck.de\/wp-content\/uploads\/2010\/07\/Klaus-Schlie.jpg\"><img loading=\"lazy\" decoding=\"async\" class=\"alignleft size-medium wp-image-18019\" title=\"Klaus Schlie\" src=\"http:\/\/www.hier-luebeck.de\/wp-content\/uploads\/2010\/07\/Klaus-Schlie-214x320.jpg\" alt=\"\" width=\"214\" height=\"320\" srcset=\"https:\/\/hier-luebeck.de\/wp-content\/uploads\/2010\/07\/Klaus-Schlie-214x320.jpg 214w, https:\/\/hier-luebeck.de\/wp-content\/uploads\/2010\/07\/Klaus-Schlie-227x340.jpg 227w, https:\/\/hier-luebeck.de\/wp-content\/uploads\/2010\/07\/Klaus-Schlie.jpg 335w\" sizes=\"auto, (max-width: 214px) 100vw, 214px\" \/><\/a>Zur Pressekonferenz des Innenministers Klaus Schlie zu  dem Sparpakt von Kiel und L\u00fcbeck erkl\u00e4rt die finanzpolitische Sprecherin der  Landtagsfraktion von B\u00fcndnis 90\/Die  Gr\u00fcnen, <strong>Monika  Heinold<\/strong>: Die heute spontan einberufene  Rechtfertigungs-Pressekonferenz des  Innenministers bringt die Kommunen keinen Schritt nach vorne. Minister Schlie kann nicht leugnen,  dass den Kommunen j\u00e4hrlich 120 Mio. Euro an Einnahmen fehlen aufgrund der  dauerhaften K\u00fcrzung des kommunalen Finanzausgleichs (KFA), verantwortet von der  Landesregierung. Gleichzeitig erkl\u00e4rt der Innenminister, dass es keine  grundlegende Reform des KFA geben wird. Die Landesregierung hat auf  Bundesratsebene ohne Not den Steuergesetzen der Bundesregierung zugestimmt.  Allein aus diesen \u00c4nderungen aus den Jahren 2008 und 2009 entstehen zus\u00e4tzliche  Einnahmeverluste ab 2011 von j\u00e4hrlich 288 Mio. Euro f\u00fcr die Kommunen in  Schleswig-Holstein. Kiel z.B. ist mit Einnahmeverlusten von zirka 30 Mio. Euro  dabei.<!--more-->Ein gro\u00dfer konkreter Sparbeitrag f\u00fcr  L\u00fcbeck w\u00e4re der Ausstieg aus dem Flughafen, der die Stadtkasse mit j\u00e4hrlich 6  Mio. Euro belastet. Das gilt in geringerem Umfang auch f\u00fcr Kiel, hier geht es um  1,2 Mio. Euro. Solche konkreten Ma\u00dfnahmen spricht der Innenminister allerdings  nicht an. Er kommt \u00fcber die kleinliche L\u00fcbecker Kondom-Kritik nicht hinaus. Der  Kommunalminister konnte keine neuen Angebote f\u00fcr die hochverschuldete kommunale  Ebene machen, schade. Es gab nur flaches Vorwahlkampfget\u00f6se eines Ministers auf  Abruf.<\/p>\n","protected":false},"excerpt":{"rendered":"<p>Zur Pressekonferenz des Innenministers Klaus Schlie zu dem Sparpakt von Kiel und L\u00fcbeck erkl\u00e4rt die finanzpolitische Sprecherin der Landtagsfraktion von<\/p>\n","protected":false},"author":3,"featured_media":0,"comment_status":"open","ping_status":"open","sticky":false,"template":"","format":"standard","meta":{"colormag_page_container_layout":"default_layout","colormag_page_sidebar_layout":"default_layout","footnotes":""},"categories":[5],"tags":[],"class_list":["post-22332","post","type-post","status-publish","format-standard","hentry","category-politik-wirtschaft"],"_links":{"self":[{"href":"https:\/\/hier-luebeck.de\/index.php\/wp-json\/wp\/v2\/posts\/22332","targetHints":{"allow":["GET"]}}],"collection":[{"href":"https:\/\/hier-luebeck.de\/index.php\/wp-json\/wp\/v2\/posts"}],"about":[{"href":"https:\/\/hier-luebeck.de\/index.php\/wp-json\/wp\/v2\/types\/post"}],"author":[{"embeddable":true,"href":"https:\/\/hier-luebeck.de\/index.php\/wp-json\/wp\/v2\/users\/3"}],"replies":[{"embeddable":true,"href":"https:\/\/hier-luebeck.de\/index.php\/wp-json\/wp\/v2\/comments?post=22332"}],"version-history":[{"count":0,"href":"https:\/\/hier-luebeck.de\/index.php\/wp-json\/wp\/v2\/posts\/22332\/revisions"}],"wp:attachment":[{"href":"https:\/\/hier-luebeck.de\/index.php\/wp-json\/wp\/v2\/media?parent=22332"}],"wp:term":[{"taxonomy":"category","embeddable":true,"href":"https:\/\/hier-luebeck.de\/index.php\/wp-json\/wp\/v2\/categories?post=22332"},{"taxonomy":"post_tag","embeddable":true,"href":"https:\/\/hier-luebeck.de\/index.php\/wp-json\/wp\/v2\/tags?post=22332"}],"curies":[{"name":"wp","href":"https:\/\/api.w.org\/{rel}","templated":true}]}}