{"id":22747,"date":"2010-10-20T17:09:17","date_gmt":"2010-10-20T15:09:17","guid":{"rendered":"http:\/\/www.hier-luebeck.de\/?p=22747"},"modified":"2010-10-20T17:09:17","modified_gmt":"2010-10-20T15:09:17","slug":"schmiedestrase-erhalt-ihre-asphaltdeckschicht","status":"publish","type":"post","link":"https:\/\/hier-luebeck.de\/index.php\/schmiedestrase-erhalt-ihre-asphaltdeckschicht\/","title":{"rendered":"Schmiedestra\u00dfe erh\u00e4lt ihre Asphaltdeckschicht"},"content":{"rendered":"<p>Bauarbeiten starten am Freitag ab 17 Uhr \u2013 Sperrung bis Sonntag um 8 Uhr<\/p>\n<p>Die Schmiedestra\u00dfe wird am kommenden Wochenende ab Freitag, 22. Oktober 2010, um 17 Uhr bis Sonntag, 24. Oktober, um 8 Uhr von der Einm\u00fcndung zur Holstenstra\u00dfe an f\u00fcr die Asphaltierung der Deckschicht gesperrt. Das hat heute der Bereich Verkehr der Hansestadt L\u00fcbeck mitgeteilt.<!--more--><\/p>\n<p>F\u00fcr die Herstellung der Asphaltdeckschicht wurde in Abstimmung mit den Anliegern und den Gewerbetreibenden der Sandstra\u00dfe und des Kohlmarktes das kommende Wochenende ausgesucht, um die Behinderungen so gering wie m\u00f6glich zu halten. Im \u201eSchutz\u201c des am Sonntag stattfindenden Stadtwerke L\u00fcbeck Marathons sind ab Freitagabend um 17 Uhr die vorbereitenden Arbeiten zur Herstellung der Asphaltdeckschicht geplant.<\/p>\n<p>Ab Sonnabendmorgen wird die Deckschicht der Fahrbahn bis zum Parkhaus Mitte aufgetragen. Am Sonntag um 8 Uhr wird die Schmiedestra\u00dfe wieder ge\u00f6ffnet und man kann die Parkeinrichtung \u201eInnenhof\u201c und \u201eRieckmann\u201c wie gewohnt erreichen.<\/p>\n<p>Die Zufahrt zum Parkhaus Mitte wird dar\u00fcber hinaus zur Verlegung der Versorgungsleitungen und der Herstellung der Natursteinoberfl\u00e4chen der Zufahrt noch bis zum 31. Oktober 2010 gesperrt bleiben.<\/p>\n<p>Die Umleitungsstrecke zur Erreichung des Parkhauses Mitte wird ab der Puppenbr\u00fccke \u00fcber die Wallstra\u00dfe und den M\u00fchlendamm bis zur Marlesgrube erfolgen, wie bereits bei den ersten Asphaltierungsarbeiten praktiziert.<\/p>\n<p>Ein besonderer Dank gilt an dieser Stelle den Anliegern und Gesch\u00e4ftstreibenden aus dem Quartier Kohlmarkt, Sandstra\u00dfe und der Schmiedestra\u00dfe, die sich, trotz aller Beeintr\u00e4chtigungen bei der Herstellung der Fahrbahn, sehr kooperativ gezeigt und auch durch ihre Mitwirkung bzw. Koordinierung ihrer Warenanlieferung einen gemeinschaftlich erarbeiteten Bauablauf erm\u00f6glicht haben. Noch bis zum November muss jedoch mit Behinderungen gerechnet werden, da noch die Gehwege und Teile der Stra\u00dfe mit Natursteinen gepflastert werden m\u00fcssen.<\/p>\n<p>Die gesamte Baustelle befindet sich somit innerhalb des vorgesehenen Bauzeitenplans, so dass die termingerechte Fertigstellung zum 30. November 2010 zum jetzigen Zeitpunkt gew\u00e4hrleistet werden kann.<\/p>\n","protected":false},"excerpt":{"rendered":"<p>Bauarbeiten starten am Freitag ab 17 Uhr \u2013 Sperrung bis Sonntag um 8 Uhr Die Schmiedestra\u00dfe wird am kommenden Wochenende<\/p>\n","protected":false},"author":3,"featured_media":0,"comment_status":"open","ping_status":"open","sticky":false,"template":"","format":"standard","meta":{"colormag_page_container_layout":"default_layout","colormag_page_sidebar_layout":"default_layout","footnotes":""},"categories":[20],"tags":[],"class_list":["post-22747","post","type-post","status-publish","format-standard","hentry","category-besondere-neuigkeiten"],"_links":{"self":[{"href":"https:\/\/hier-luebeck.de\/index.php\/wp-json\/wp\/v2\/posts\/22747","targetHints":{"allow":["GET"]}}],"collection":[{"href":"https:\/\/hier-luebeck.de\/index.php\/wp-json\/wp\/v2\/posts"}],"about":[{"href":"https:\/\/hier-luebeck.de\/index.php\/wp-json\/wp\/v2\/types\/post"}],"author":[{"embeddable":true,"href":"https:\/\/hier-luebeck.de\/index.php\/wp-json\/wp\/v2\/users\/3"}],"replies":[{"embeddable":true,"href":"https:\/\/hier-luebeck.de\/index.php\/wp-json\/wp\/v2\/comments?post=22747"}],"version-history":[{"count":0,"href":"https:\/\/hier-luebeck.de\/index.php\/wp-json\/wp\/v2\/posts\/22747\/revisions"}],"wp:attachment":[{"href":"https:\/\/hier-luebeck.de\/index.php\/wp-json\/wp\/v2\/media?parent=22747"}],"wp:term":[{"taxonomy":"category","embeddable":true,"href":"https:\/\/hier-luebeck.de\/index.php\/wp-json\/wp\/v2\/categories?post=22747"},{"taxonomy":"post_tag","embeddable":true,"href":"https:\/\/hier-luebeck.de\/index.php\/wp-json\/wp\/v2\/tags?post=22747"}],"curies":[{"name":"wp","href":"https:\/\/api.w.org\/{rel}","templated":true}]}}