{"id":22752,"date":"2010-10-20T22:28:05","date_gmt":"2010-10-20T20:28:05","guid":{"rendered":"http:\/\/www.hier-luebeck.de\/?p=22752"},"modified":"2010-10-20T22:28:06","modified_gmt":"2010-10-20T20:28:06","slug":"pol-hl-hl-wallhalbinsel-willy-brandt-allee-polizeilicher-abschlussbericht-anlasslich-der-cdu-regionalkonferenz-sowie-vier-demonstrationen-im-umfeld","status":"publish","type":"post","link":"https:\/\/hier-luebeck.de\/index.php\/pol-hl-hl-wallhalbinsel-willy-brandt-allee-polizeilicher-abschlussbericht-anlasslich-der-cdu-regionalkonferenz-sowie-vier-demonstrationen-im-umfeld\/","title":{"rendered":"POL-HL: HL-Wallhalbinsel-Willy-Brandt-Allee \/ Polizeilicher Abschlussbericht anl\u00e4sslich der CDU-Regionalkonferenz sowie vier Demonstrationen im Umfeld"},"content":{"rendered":"<p><a rel=\"attachment wp-att-10985\" href=\"http:\/\/www.hier-luebeck.de\/2010\/02\/pol-hl-hl-st-jurgen-rotloscherstrase-polizei-nimmt-einbrecher-fest\/funkstreifers-13\/\"><img loading=\"lazy\" decoding=\"async\" class=\"alignleft size-full wp-image-10985\" title=\"FunkstreifeRS\" src=\"http:\/\/www.hier-luebeck.de\/wp-content\/uploads\/2010\/02\/FunkstreifeRS6.JPG\" alt=\"\" width=\"220\" height=\"165\" \/><\/a>L\u00fcbeck (ots) &#8211; Am Mittwoch, 20. Oktober 2010, fand in der L\u00fcbecker Musik- und Kongresshalle die CDU-Regionalkonferenz in Anwesenheit der Bundeskanzlerin Frau Merkel statt.<!--more--> Im n\u00e4heren Umfeld waren zeitgleich vier Demonstrationen angemeldet:<br \/>\n&#8211; 1. L\u00fcbecker Anti-Atom-B\u00fcndnis &#8211; Allianz gegen eine feste Fehmarnbeltquerung &#8211; Jusos in der SPD\/Landesverband<br \/>\nSchleswig-Holstein &#8211; Blinden- und Sehbehindertenverein Schleswig-Holstein<\/p>\n<p>Durch die Anwesenheit der Bundeskanzlerin Frau Angela Merkel in der MUK und den damit verbundenen Sicherheitsvorgaben und sowie f\u00fcr eventuelle Rettungseins\u00e4tze hatte die Polizei eine Absperrlinie um den Vorplatzbereich der MUK errichtet, so dass diese Freifl\u00e4che f\u00fcr strategische Notwendigkeiten freigehalten werden konnte.<\/p>\n<p>An den Demonstrationen nahmen zirka 550  Personen teil.<\/p>\n<p>Die Bundeskanzlerin flog um 21.40 Uhr von L\u00fcbeck-Blankensee wieder nach Berlin.<\/p>\n<p>Es kam zu keinen Vorkommnissen.<\/p>\n","protected":false},"excerpt":{"rendered":"<p>L\u00fcbeck (ots) &#8211; Am Mittwoch, 20. Oktober 2010, fand in der L\u00fcbecker Musik- und Kongresshalle die CDU-Regionalkonferenz in Anwesenheit der<\/p>\n","protected":false},"author":3,"featured_media":0,"comment_status":"open","ping_status":"open","sticky":false,"template":"","format":"standard","meta":{"colormag_page_container_layout":"default_layout","colormag_page_sidebar_layout":"default_layout","footnotes":""},"categories":[20],"tags":[],"class_list":["post-22752","post","type-post","status-publish","format-standard","hentry","category-besondere-neuigkeiten"],"_links":{"self":[{"href":"https:\/\/hier-luebeck.de\/index.php\/wp-json\/wp\/v2\/posts\/22752","targetHints":{"allow":["GET"]}}],"collection":[{"href":"https:\/\/hier-luebeck.de\/index.php\/wp-json\/wp\/v2\/posts"}],"about":[{"href":"https:\/\/hier-luebeck.de\/index.php\/wp-json\/wp\/v2\/types\/post"}],"author":[{"embeddable":true,"href":"https:\/\/hier-luebeck.de\/index.php\/wp-json\/wp\/v2\/users\/3"}],"replies":[{"embeddable":true,"href":"https:\/\/hier-luebeck.de\/index.php\/wp-json\/wp\/v2\/comments?post=22752"}],"version-history":[{"count":0,"href":"https:\/\/hier-luebeck.de\/index.php\/wp-json\/wp\/v2\/posts\/22752\/revisions"}],"wp:attachment":[{"href":"https:\/\/hier-luebeck.de\/index.php\/wp-json\/wp\/v2\/media?parent=22752"}],"wp:term":[{"taxonomy":"category","embeddable":true,"href":"https:\/\/hier-luebeck.de\/index.php\/wp-json\/wp\/v2\/categories?post=22752"},{"taxonomy":"post_tag","embeddable":true,"href":"https:\/\/hier-luebeck.de\/index.php\/wp-json\/wp\/v2\/tags?post=22752"}],"curies":[{"name":"wp","href":"https:\/\/api.w.org\/{rel}","templated":true}]}}