{"id":22762,"date":"2010-10-20T22:28:05","date_gmt":"2010-10-20T20:28:05","guid":{"rendered":"http:\/\/www.hier-luebeck.de\/?p=22762"},"modified":"2010-10-21T09:02:51","modified_gmt":"2010-10-21T07:02:51","slug":"erster-weltstatistiktag","status":"publish","type":"post","link":"https:\/\/hier-luebeck.de\/index.php\/erster-weltstatistiktag\/","title":{"rendered":"Erster Weltstatistiktag"},"content":{"rendered":"<p>Auf Initiative der Vereinten Nationen wird am heutigen Tag erstmals der Weltstatistiktag begangen. In \u00fcber 100 L\u00e4ndern der Erde finden aus diesem Anlass Aktionen statt, um auf die wichtige Rolle amtlicher Statistiken aufmerksam zu machen.<!--more--><\/p>\n<p>Das Statistische Bundesamt als Bundesoberbeh\u00f6rde im Gesch\u00e4ftsbereich des Bundesministeriums des Innern ist &#8211; im Verbund mit den Statistischen Landes\u00e4mtern &#8211; seit Jahrzehnten Garant daf\u00fcr, dass Politik, Regierung, Verwaltung, Wirtschaft und B\u00fcrgern objektive und zuverl\u00e4ssige Zahlen zur Verf\u00fcgung stehen. Staatssekret\u00e4rin Cornelia Rogall-Grothe unterstrich anl\u00e4sslich des Weltstatistiktages: &#8222;Ob Bruttoinlandsprodukt, Inflationsrate, Umweltindikatoren oder Bev\u00f6lkerungszahlen &#8211; ohne verl\u00e4ssliche, objektive und nachvollziehbare Statistiken ist eine moderne Demokratie nicht denkbar.&#8220;<\/p>\n<p>Aus Anlass des Weltstatistiktages veranstaltet das Statistische Bundesamt in Berlin ein Symposium zum Thema &#8222;Was bewegt die Politik &#8211; wie relevant ist die Statistik?&#8220;. Auf der Veranstaltung machte Staatssekret\u00e4rin Rogall-Grothe deutlich, wie das Volksz\u00e4hlungsurteil des Bundesverfassungsgerichts von 1983 die Vorbereitung und Durchf\u00fchrung des bevorstehenden Zensus 2011 beeinflusst hat. Mit dem Zensus werden wichtige Planungsgrundlagen f\u00fcr die politische Zukunftsgestaltung gelegt. Ein weiterer Themenschwerpunkt des Symposiums besch\u00e4ftigte sich mit den Anforderungen von Wirtschaft und Politik an die Statistik im Zusammenhang mit der Messung von Fortschritt, Wohlbefinden und nachhaltiger Entwicklung.<\/p>\n","protected":false},"excerpt":{"rendered":"<p>Auf Initiative der Vereinten Nationen wird am heutigen Tag erstmals der Weltstatistiktag begangen. In \u00fcber 100 L\u00e4ndern der Erde finden<\/p>\n","protected":false},"author":3,"featured_media":0,"comment_status":"open","ping_status":"open","sticky":false,"template":"","format":"standard","meta":{"colormag_page_container_layout":"default_layout","colormag_page_sidebar_layout":"default_layout","footnotes":""},"categories":[20],"tags":[],"class_list":["post-22762","post","type-post","status-publish","format-standard","hentry","category-besondere-neuigkeiten"],"_links":{"self":[{"href":"https:\/\/hier-luebeck.de\/index.php\/wp-json\/wp\/v2\/posts\/22762","targetHints":{"allow":["GET"]}}],"collection":[{"href":"https:\/\/hier-luebeck.de\/index.php\/wp-json\/wp\/v2\/posts"}],"about":[{"href":"https:\/\/hier-luebeck.de\/index.php\/wp-json\/wp\/v2\/types\/post"}],"author":[{"embeddable":true,"href":"https:\/\/hier-luebeck.de\/index.php\/wp-json\/wp\/v2\/users\/3"}],"replies":[{"embeddable":true,"href":"https:\/\/hier-luebeck.de\/index.php\/wp-json\/wp\/v2\/comments?post=22762"}],"version-history":[{"count":0,"href":"https:\/\/hier-luebeck.de\/index.php\/wp-json\/wp\/v2\/posts\/22762\/revisions"}],"wp:attachment":[{"href":"https:\/\/hier-luebeck.de\/index.php\/wp-json\/wp\/v2\/media?parent=22762"}],"wp:term":[{"taxonomy":"category","embeddable":true,"href":"https:\/\/hier-luebeck.de\/index.php\/wp-json\/wp\/v2\/categories?post=22762"},{"taxonomy":"post_tag","embeddable":true,"href":"https:\/\/hier-luebeck.de\/index.php\/wp-json\/wp\/v2\/tags?post=22762"}],"curies":[{"name":"wp","href":"https:\/\/api.w.org\/{rel}","templated":true}]}}