{"id":22771,"date":"2010-10-21T10:14:57","date_gmt":"2010-10-21T08:14:57","guid":{"rendered":"http:\/\/www.hier-luebeck.de\/2010\/10\/proteste-begleiten-merkel-besuch-in-lubeck\/"},"modified":"2010-10-21T10:14:57","modified_gmt":"2010-10-21T08:14:57","slug":"proteste-begleiten-merkel-besuch-in-lubeck","status":"publish","type":"post","link":"https:\/\/hier-luebeck.de\/index.php\/proteste-begleiten-merkel-besuch-in-lubeck\/","title":{"rendered":"Proteste begleiten Merkel-Besuch in L\u00fcbeck"},"content":{"rendered":"<div>\n<div>\n<div>\n<div><img loading=\"lazy\" decoding=\"async\" class=\"alignleft\" style=\"border: 0pt none;\" src=\"http:\/\/www.arcor.de\/iimages\/31\/art_205x300_XVSCY7GvZIPAqV6DimGq8meCkdOK.jpg\" border=\"0\" alt=\"Demonstranten im Vorfeld der CDU Regionalkonferenz in L\u00fcbeck.\" width=\"205\" height=\"154\" \/><\/p>\n<div><a rel=\"0\"><img loading=\"lazy\" decoding=\"async\" src=\"http:\/\/www.arcor.de\/imgs\/themen\/zoom_galerie.gif\" alt=\"\" width=\"19\" height=\"18\" \/> Foto: dpa<br \/>\n<\/a><\/div>\n<\/div>\n<p>Demonstranten im Vorfeld der CDU Regionalkonferenz in L\u00fcbeck.<\/p>\n<\/div>\n<\/div>\n<\/div>\n<div id=\"intelliTXT\">\n<p>Unter ohrenbet\u00e4ubendem G\u00fcterzugl\u00e4rm vom Band  haben Gegner einer festen Fehmarnbelt-Querung zum Besuch von  Bundeskanzlerin Angela Merkel (CDU) am Mittwoch in L\u00fcbeck protestiert.  Kurz vor Start der CDU-Regionalkonferenz forderten die Demonstranten auf  Transparenten einen Ausstieg aus dem deutsch-d\u00e4nischen  Milliarden-Projekt. Die Gegner des Br\u00fccken- oder Tunnelbaus bef\u00fcrchten  eine Kostenexplosion und halten die Querung verkehrspolitisch f\u00fcr  unn\u00f6tig. Daneben protestierten unter anderem Atomkraftgegner gegen den  geplanten Castortransport ins Endlager Gorleben. Insgesamt  demonstrierten mehrere hundert Menschen.<\/p>\n<\/div>\n","protected":false},"excerpt":{"rendered":"<p>Foto: dpa Demonstranten im Vorfeld der CDU Regionalkonferenz in L\u00fcbeck. Unter ohrenbet\u00e4ubendem G\u00fcterzugl\u00e4rm vom Band haben Gegner einer festen Fehmarnbelt-Querung<\/p>\n","protected":false},"author":3,"featured_media":0,"comment_status":"open","ping_status":"open","sticky":false,"template":"","format":"standard","meta":{"colormag_page_container_layout":"default_layout","colormag_page_sidebar_layout":"default_layout","footnotes":""},"categories":[13],"tags":[],"class_list":["post-22771","post","type-post","status-publish","format-standard","hentry","category-veranstaltungen"],"_links":{"self":[{"href":"https:\/\/hier-luebeck.de\/index.php\/wp-json\/wp\/v2\/posts\/22771","targetHints":{"allow":["GET"]}}],"collection":[{"href":"https:\/\/hier-luebeck.de\/index.php\/wp-json\/wp\/v2\/posts"}],"about":[{"href":"https:\/\/hier-luebeck.de\/index.php\/wp-json\/wp\/v2\/types\/post"}],"author":[{"embeddable":true,"href":"https:\/\/hier-luebeck.de\/index.php\/wp-json\/wp\/v2\/users\/3"}],"replies":[{"embeddable":true,"href":"https:\/\/hier-luebeck.de\/index.php\/wp-json\/wp\/v2\/comments?post=22771"}],"version-history":[{"count":0,"href":"https:\/\/hier-luebeck.de\/index.php\/wp-json\/wp\/v2\/posts\/22771\/revisions"}],"wp:attachment":[{"href":"https:\/\/hier-luebeck.de\/index.php\/wp-json\/wp\/v2\/media?parent=22771"}],"wp:term":[{"taxonomy":"category","embeddable":true,"href":"https:\/\/hier-luebeck.de\/index.php\/wp-json\/wp\/v2\/categories?post=22771"},{"taxonomy":"post_tag","embeddable":true,"href":"https:\/\/hier-luebeck.de\/index.php\/wp-json\/wp\/v2\/tags?post=22771"}],"curies":[{"name":"wp","href":"https:\/\/api.w.org\/{rel}","templated":true}]}}