{"id":22773,"date":"2010-10-21T11:16:04","date_gmt":"2010-10-21T09:16:04","guid":{"rendered":"http:\/\/www.hier-luebeck.de\/?p=22773"},"modified":"2010-10-21T11:16:04","modified_gmt":"2010-10-21T09:16:04","slug":"die-geheimnisse-der-musik","status":"publish","type":"post","link":"https:\/\/hier-luebeck.de\/index.php\/die-geheimnisse-der-musik\/","title":{"rendered":"Die Geheimnisse der Musik"},"content":{"rendered":"<table>\n<tbody>\n<tr>\n<td width=\"100%\"><\/td>\n<td width=\"100%\" align=\"right\"><\/td>\n<td width=\"100%\" align=\"right\"><\/td>\n<\/tr>\n<\/tbody>\n<\/table>\n<table>\n<tbody>\n<tr>\n<td colspan=\"2\" valign=\"top\"><\/td>\n<\/tr>\n<tr>\n<td colspan=\"2\" valign=\"top\">\n<div><a href=\"http:\/\/www.luebecknews.de\/images\/stories\/2010\/Konzerte\/minimaster.jpg\" target=\"_blank\"><img loading=\"lazy\" decoding=\"async\" title=\"MiniMaster L\u00fcbeck\" src=\"http:\/\/www.luebecknews.de\/images\/thumbnails\/2010\/Konzerte\/minimaster_a3816abd0decaebca5c67e712afa0b19.jpg\" border=\"1\" alt=\"MiniMaster L\u00fcbeck\" hspace=\"6\" width=\"150\" height=\"150\" \/><\/a><\/p>\n<div>MiniMaster L\u00fcbeck<\/div>\n<div><\/div>\n<\/div>\n<p><strong>Am 23. Oktober: &#8222;MiniMaster L\u00fcbeck&#8220;<br \/>\n<\/strong><\/p>\n<div>Am  Samstag, 23. Oktober l\u00e4dt die Musikhochschule L\u00fcbeck zum vierten Teil  der Kinder-Vorlesungsreihe \u201eMiniMaster L\u00fcbeck\u201c ein. Ab 11.15 Uhr begeben  sich Dr. Michael Pabst-Krueger und seine Studierenden unter dem Motto  \u201eWas, wer, wie und wen bewegt Musik\u201c den Geheimnissen der Musik auf die  Spur. Der Workshop zum Zuh\u00f6ren und Mitmachen ist an Kinder von acht bis  zw\u00f6lf Jahre gerichtet. Sie k\u00f6nnen im Workshop verschiedenen  M\u00f6glichkeiten der Klangerzeugung kennen lernen und selber erproben.<!--more--><\/div>\n<div>Studierende  der Hochschule zeigen\u00a0wie mit traditionellen Musikinstrumenten  klassische Musik entsteht, wie aber auch Alltagsgegenst\u00e4nde zur  Erzeugung von Klang und Rhythmus eingesetzt werden k\u00f6nnen.<\/p>\n<p>Die  Musikhochschule L\u00fcbeck\u00a0ist der gr\u00f6\u00dfte Konzertveranstalter in  Schleswig-Holstein. W\u00e4hrend der Semesterzeiten finden t\u00e4glich  Veranstaltungen statt: Klassenabende, Pr\u00fcfungskonzerte,  Opernauff\u00fchrungen, Dozentenauftritte, \u00f6ffentliche Vorlesungen und  Vortr\u00e4ge bis hin zu dem \u00fcberregional etablierten Brahms-Festival L\u00fcbeck,  das einmal im Jahr \u00fcber einen Zeitraum von acht bis zehn\u00a0Tagen  stattfindet, erwecken reges Interesse in der \u00d6ffentlichkeit.<\/p>\n<p>Weitere Informationen unter <a href=\"http:\/\/www.mh-luebeck.de\/\">www.mh-luebeck.de<\/a>.<\/div>\n<\/td>\n<\/tr>\n<\/tbody>\n<\/table>\n<p>\ufeff<\/p>\n","protected":false},"excerpt":{"rendered":"<p>MiniMaster L\u00fcbeck Am 23. Oktober: &#8222;MiniMaster L\u00fcbeck&#8220; Am Samstag, 23. Oktober l\u00e4dt die Musikhochschule L\u00fcbeck zum vierten Teil der Kinder-Vorlesungsreihe<\/p>\n","protected":false},"author":3,"featured_media":0,"comment_status":"open","ping_status":"open","sticky":false,"template":"","format":"standard","meta":{"colormag_page_container_layout":"default_layout","colormag_page_sidebar_layout":"default_layout","footnotes":""},"categories":[20],"tags":[],"class_list":["post-22773","post","type-post","status-publish","format-standard","hentry","category-besondere-neuigkeiten"],"_links":{"self":[{"href":"https:\/\/hier-luebeck.de\/index.php\/wp-json\/wp\/v2\/posts\/22773","targetHints":{"allow":["GET"]}}],"collection":[{"href":"https:\/\/hier-luebeck.de\/index.php\/wp-json\/wp\/v2\/posts"}],"about":[{"href":"https:\/\/hier-luebeck.de\/index.php\/wp-json\/wp\/v2\/types\/post"}],"author":[{"embeddable":true,"href":"https:\/\/hier-luebeck.de\/index.php\/wp-json\/wp\/v2\/users\/3"}],"replies":[{"embeddable":true,"href":"https:\/\/hier-luebeck.de\/index.php\/wp-json\/wp\/v2\/comments?post=22773"}],"version-history":[{"count":0,"href":"https:\/\/hier-luebeck.de\/index.php\/wp-json\/wp\/v2\/posts\/22773\/revisions"}],"wp:attachment":[{"href":"https:\/\/hier-luebeck.de\/index.php\/wp-json\/wp\/v2\/media?parent=22773"}],"wp:term":[{"taxonomy":"category","embeddable":true,"href":"https:\/\/hier-luebeck.de\/index.php\/wp-json\/wp\/v2\/categories?post=22773"},{"taxonomy":"post_tag","embeddable":true,"href":"https:\/\/hier-luebeck.de\/index.php\/wp-json\/wp\/v2\/tags?post=22773"}],"curies":[{"name":"wp","href":"https:\/\/api.w.org\/{rel}","templated":true}]}}