{"id":228857,"date":"2017-03-20T10:57:40","date_gmt":"2017-03-20T10:57:40","guid":{"rendered":"http:\/\/www.hier-luebeck.de\/besondere-neuigkeiten\/pol-rz-lagerhalle-niedergebrannt\/"},"modified":"2017-03-20T10:57:40","modified_gmt":"2017-03-20T10:57:40","slug":"pol-rz-lagerhalle-niedergebrannt","status":"publish","type":"post","link":"https:\/\/hier-luebeck.de\/index.php\/pol-rz-lagerhalle-niedergebrannt\/","title":{"rendered":"POL-RZ: Lagerhalle niedergebrannt"},"content":{"rendered":"<p>Ratzeburg (ots) &#8211; Reinfeld Am 19.03.2017, gegen 23.30 Uhr, fiel  Beamten des Autobahnrevieres Bad Oldesloe ein Feuer an einer  Lagerhalle in der Feldstra\u00dfe in Reinfeld auf. In der ca. 25 x 25 m  gro\u00dfen Halle waren mehrere Pkw, Lkw und Motorr\u00e4der untergebracht. Die gesamte Halle brannte vollst\u00e4ndig nieder. Die L\u00f6scharbeiten dauerten  bis ca. 05.00 Uhr an.<!--more--> Die Schadensh\u00f6he steht noch nicht fest, d\u00fcrfte  sich jedoch im Millionenbereich liegen. Der Brandort wurde  beschlagnahmt. Die Brandursache ist noch unbekannt. Die  Kriminalpolizei Bad Oldesloe hat die Ermittlungen auf genommen. Diese dauern an. Sobald sich neue Informationen ergeben, wird  nachberichtet.     <\/p>\n<p>Quelle: <a href=\"http:\/\/www.presseportal.de\/blaulicht\/pm\/43735\/3589619\" target=\"_blank\">presseportal.de<\/a><\/p>\n","protected":false},"excerpt":{"rendered":"<p>Ratzeburg (ots) &#8211; Reinfeld Am 19.03.2017, gegen 23.30 Uhr, fiel Beamten des Autobahnrevieres Bad Oldesloe ein Feuer an einer Lagerhalle<\/p>\n","protected":false},"author":3,"featured_media":0,"comment_status":"open","ping_status":"open","sticky":false,"template":"","format":"standard","meta":{"colormag_page_container_layout":"default_layout","colormag_page_sidebar_layout":"default_layout","footnotes":""},"categories":[20],"tags":[],"class_list":["post-228857","post","type-post","status-publish","format-standard","hentry","category-besondere-neuigkeiten"],"_links":{"self":[{"href":"https:\/\/hier-luebeck.de\/index.php\/wp-json\/wp\/v2\/posts\/228857","targetHints":{"allow":["GET"]}}],"collection":[{"href":"https:\/\/hier-luebeck.de\/index.php\/wp-json\/wp\/v2\/posts"}],"about":[{"href":"https:\/\/hier-luebeck.de\/index.php\/wp-json\/wp\/v2\/types\/post"}],"author":[{"embeddable":true,"href":"https:\/\/hier-luebeck.de\/index.php\/wp-json\/wp\/v2\/users\/3"}],"replies":[{"embeddable":true,"href":"https:\/\/hier-luebeck.de\/index.php\/wp-json\/wp\/v2\/comments?post=228857"}],"version-history":[{"count":0,"href":"https:\/\/hier-luebeck.de\/index.php\/wp-json\/wp\/v2\/posts\/228857\/revisions"}],"wp:attachment":[{"href":"https:\/\/hier-luebeck.de\/index.php\/wp-json\/wp\/v2\/media?parent=228857"}],"wp:term":[{"taxonomy":"category","embeddable":true,"href":"https:\/\/hier-luebeck.de\/index.php\/wp-json\/wp\/v2\/categories?post=228857"},{"taxonomy":"post_tag","embeddable":true,"href":"https:\/\/hier-luebeck.de\/index.php\/wp-json\/wp\/v2\/tags?post=228857"}],"curies":[{"name":"wp","href":"https:\/\/api.w.org\/{rel}","templated":true}]}}