{"id":228858,"date":"2017-03-20T10:56:44","date_gmt":"2017-03-20T10:56:44","guid":{"rendered":"http:\/\/www.hier-luebeck.de\/besondere-neuigkeiten\/pol-hl-hl-st-lorenz-nord-fussgaenger-bei-unfall-lebensgefaehrlich-verletzt\/"},"modified":"2017-03-20T10:56:44","modified_gmt":"2017-03-20T10:56:44","slug":"pol-hl-hl-st-lorenz-nord-fussgaenger-bei-unfall-lebensgefaehrlich-verletzt","status":"publish","type":"post","link":"https:\/\/hier-luebeck.de\/index.php\/pol-hl-hl-st-lorenz-nord-fussgaenger-bei-unfall-lebensgefaehrlich-verletzt\/","title":{"rendered":"POL-HL: HL-St. Lorenz Nord  \/\n\nFu\u00dfg\u00e4nger bei Unfall lebensgef\u00e4hrlich verletzt"},"content":{"rendered":"<p>L\u00fcbeck (ots) &#8211; Am Sonntagabend (19.03.17) kam es in L\u00fcbeck zu  einem Verkehrsunfall, wodurch ein Fu\u00dfg\u00e4nger lebensgef\u00e4hrlich verletzt wurde.     Kurz vor 19.30 Uhr befuhr ein L\u00fcbecker mit seinem Auto die  Triftstra\u00dfe von der Vorwerker Stra\u00dfe kommend in Richtung Schwartauer  Alle.<!--more--> Nach ersten Erkenntnissen sei in H\u00f6he Nummer 39 pl\u00f6tzlich von  rechts ein Fu\u00dfg\u00e4nger auf die Fahrbahn gelaufen gekommen und habe die  Stra\u00dfe \u00fcberqueren wollen. Es kam zu einem Zusammensto\u00df zwischen dem  Auto und dem Fu\u00dfg\u00e4nger, der offenbar beabsichtigte, die Triftstra\u00dfe  in Richtung Pellwormstra\u00dfe zu \u00fcberqueren. Der junge Mann wurde von  dem Opel Corsa erfasst, prallte ersten Informationen zufolge auf die  Windschutzscheibe und st\u00fcrzte dann zu Boden. Mit lebensgef\u00e4hrlichen  Verletzungen wurde der 26-J\u00e4hrige L\u00fcbecker ins Krankenhaus gebracht.  Der 60-j\u00e4hrige Autofahrer war sichtlich schockiert, blieb aber  unverletzt. Sein Auto wurde abgeschleppt. Der Schaden wird auf etwa  5000,- Euro gesch\u00e4tzt. Ermittlungen f\u00fchrt das 2. Polizeirevier  L\u00fcbeck. Zeugenhinweise melden Sie bitte unter der Rufnummer  0451-1310.     <\/p>\n<p>Quelle: <a href=\"http:\/\/www.presseportal.de\/blaulicht\/pm\/43738\/3589617\" target=\"_blank\">presseportal.de<\/a><\/p>\n","protected":false},"excerpt":{"rendered":"<p>L\u00fcbeck (ots) &#8211; Am Sonntagabend (19.03.17) kam es in L\u00fcbeck zu einem Verkehrsunfall, wodurch ein Fu\u00dfg\u00e4nger lebensgef\u00e4hrlich verletzt wurde. Kurz<\/p>\n","protected":false},"author":3,"featured_media":0,"comment_status":"open","ping_status":"open","sticky":false,"template":"","format":"standard","meta":{"colormag_page_container_layout":"default_layout","colormag_page_sidebar_layout":"default_layout","footnotes":""},"categories":[20],"tags":[],"class_list":["post-228858","post","type-post","status-publish","format-standard","hentry","category-besondere-neuigkeiten"],"_links":{"self":[{"href":"https:\/\/hier-luebeck.de\/index.php\/wp-json\/wp\/v2\/posts\/228858","targetHints":{"allow":["GET"]}}],"collection":[{"href":"https:\/\/hier-luebeck.de\/index.php\/wp-json\/wp\/v2\/posts"}],"about":[{"href":"https:\/\/hier-luebeck.de\/index.php\/wp-json\/wp\/v2\/types\/post"}],"author":[{"embeddable":true,"href":"https:\/\/hier-luebeck.de\/index.php\/wp-json\/wp\/v2\/users\/3"}],"replies":[{"embeddable":true,"href":"https:\/\/hier-luebeck.de\/index.php\/wp-json\/wp\/v2\/comments?post=228858"}],"version-history":[{"count":0,"href":"https:\/\/hier-luebeck.de\/index.php\/wp-json\/wp\/v2\/posts\/228858\/revisions"}],"wp:attachment":[{"href":"https:\/\/hier-luebeck.de\/index.php\/wp-json\/wp\/v2\/media?parent=228858"}],"wp:term":[{"taxonomy":"category","embeddable":true,"href":"https:\/\/hier-luebeck.de\/index.php\/wp-json\/wp\/v2\/categories?post=228858"},{"taxonomy":"post_tag","embeddable":true,"href":"https:\/\/hier-luebeck.de\/index.php\/wp-json\/wp\/v2\/tags?post=228858"}],"curies":[{"name":"wp","href":"https:\/\/api.w.org\/{rel}","templated":true}]}}